{"id":50442,"date":"2026-04-28T12:02:26","date_gmt":"2026-04-28T18:02:26","guid":{"rendered":"https:\/\/informadorweb.com\/?p=50442"},"modified":"2026-04-28T18:02:27","modified_gmt":"2026-04-28T18:02:27","slug":"gran-peregrinacion-nacional-suma-sectores-productivos-y-amplia-su-alcance-en-venezuela","status":"publish","type":"post","link":"https:\/\/informadorweb.com\/?p=50442","title":{"rendered":"Gran Peregrinaci\u00f3n Nacional suma sectores productivos y ampl\u00eda su alcance en Venezuela"},"content":{"rendered":"<p>CARACAS, 27 abr (Xinhua) &#8212; La Gran Peregrinaci\u00f3n Nacional por una Venezuela sin sanciones y en paz contin\u00faa expandi\u00e9ndose en todo el territorio con la incorporaci\u00f3n de representantes de sectores productivos, sociales y pol\u00edticos, consolid\u00e1ndose como una plataforma de articulaci\u00f3n nacional frente a las medidas coercitivas unilaterales. Este lunes se registraron actividades simult\u00e1neas en los estados de Sucre (noreste), M\u00e9rida (oeste), Bol\u00edvar (sureste) y Carabobo (centro). En Cuman\u00e1, capital de Sucre, el presidente de la Asamblea Nacional, Jorge Rodr\u00edguez, hizo un llamado a la unidad nacional como base para la recuperaci\u00f3n econ\u00f3mica. \u00abEl momento actual exige dejar atr\u00e1s la polarizaci\u00f3n y enfocarnos en un objetivo com\u00fan\u00bb, afirm\u00f3, subrayando el impacto transversal de las sanciones sobre la poblaci\u00f3n. De manera paralela, en el estado andino de M\u00e9rida, el vicepresidente sectorial y ministro de Interior, Justicia y Paz, Diosdado Cabello, sostuvo encuentros con productores agr\u00edcolas, empresarios y representantes de diversos sectores econ\u00f3micos, quienes expresaron su compromiso con el fortalecimiento de la producci\u00f3n nacional. \u00abEsta acci\u00f3n es parte de la gente que no se rinde nunca\u00bb, se\u00f1al\u00f3 Cabello, reconociendo el papel clave del sector campesino. La movilizaci\u00f3n, que tambi\u00e9n incluy\u00f3 actividades de car\u00e1cter comunitario y espiritual en regiones como Bol\u00edvar, fue convocada por la vicepresidenta encargada Delcy Rodr\u00edguez y se extiende desde el 19 de abril hasta el 1 de mayo, cuando est\u00e1 prevista su llegada a Caracas. Durante los encuentros se han recopilado propuestas dirigidas a robustecer los circuitos productivos, impulsar la inversi\u00f3n, mejorar la gesti\u00f3n p\u00fablica y fortalecer capacidades t\u00e9cnicas en \u00e1reas estrat\u00e9gicas, en un contexto marcado por las restricciones econ\u00f3micas externas. Fin<\/p>\n","protected":false},"excerpt":{"rendered":"<p>CARACAS, 27 abr (Xinhua) &#8212; La Gran Peregrinaci\u00f3n Nacional por una Venezuela sin sanciones y&#8230;<\/p>\n","protected":false},"author":1,"featured_media":0,"comment_status":"closed","ping_status":"closed","sticky":false,"template":"","format":"standard","meta":{"footnotes":""},"categories":[2],"tags":[],"class_list":["post-50442","post","type-post","status-publish","format-standard","hentry","category-internacional"],"_links":{"self":[{"href":"https:\/\/informadorweb.com\/index.php?rest_route=\/wp\/v2\/posts\/50442","targetHints":{"allow":["GET"]}}],"collection":[{"href":"https:\/\/informadorweb.com\/index.php?rest_route=\/wp\/v2\/posts"}],"about":[{"href":"https:\/\/informadorweb.com\/index.php?rest_route=\/wp\/v2\/types\/post"}],"author":[{"embeddable":true,"href":"https:\/\/informadorweb.com\/index.php?rest_route=\/wp\/v2\/users\/1"}],"replies":[{"embeddable":true,"href":"https:\/\/informadorweb.com\/index.php?rest_route=%2Fwp%2Fv2%2Fcomments&post=50442"}],"version-history":[{"count":1,"href":"https:\/\/informadorweb.com\/index.php?rest_route=\/wp\/v2\/posts\/50442\/revisions"}],"predecessor-version":[{"id":50443,"href":"https:\/\/informadorweb.com\/index.php?rest_route=\/wp\/v2\/posts\/50442\/revisions\/50443"}],"wp:attachment":[{"href":"https:\/\/informadorweb.com\/index.php?rest_route=%2Fwp%2Fv2%2Fmedia&parent=50442"}],"wp:term":[{"taxonomy":"category","embeddable":true,"href":"https:\/\/informadorweb.com\/index.php?rest_route=%2Fwp%2Fv2%2Fcategories&post=50442"},{"taxonomy":"post_tag","embeddable":true,"href":"https:\/\/informadorweb.com\/index.php?rest_route=%2Fwp%2Fv2%2Ftags&post=50442"}],"curies":[{"name":"wp","href":"https:\/\/api.w.org\/{rel}","templated":true}]}}