{"id":50438,"date":"2026-04-28T12:01:41","date_gmt":"2026-04-28T18:01:41","guid":{"rendered":"https:\/\/informadorweb.com\/?p=50438"},"modified":"2026-04-28T18:01:43","modified_gmt":"2026-04-28T18:01:43","slug":"venezuela-destacaria-en-crecimiento-economico-regional-en-2026-segun-la-cepal","status":"publish","type":"post","link":"https:\/\/informadorweb.com\/?p=50438","title":{"rendered":"Venezuela destacar\u00eda en crecimiento econ\u00f3mico regional en 2026, seg\u00fan la Cepal"},"content":{"rendered":"<p>CARACAS, 27 abr (Xinhua) &#8212; Venezuela proyecta un crecimiento econ\u00f3mico de 6,5 por ciento para 2026, seg\u00fan estimaciones publicadas hoy lunes por la Comisi\u00f3n Econ\u00f3mica para Am\u00e9rica Latina y el Caribe (Cepal), en un contexto regional marcado por una expansi\u00f3n moderada. El organismo prev\u00e9 que Am\u00e9rica Latina y el Caribe registren un avance de 2,2 por ciento durante el a\u00f1o, manteniendo una tendencia de bajo crecimiento que se ha sostenido durante los \u00faltimos cuatro a\u00f1os. En este escenario, Venezuela se ubica entre las econom\u00edas con mayor dinamismo relativo, tras haber alcanzado un incremento de 8,9 por ciento en 2025, lo que refleja una continuidad en su proceso de recuperaci\u00f3n. La Cepal advierte que la desaceleraci\u00f3n afectar\u00e1 a la mayor\u00eda de los pa\u00edses de la regi\u00f3n, debido a factores como la debilidad de la inversi\u00f3n privada y un consumo de los hogares que se mantiene en niveles moderados. Por subregiones, el Caribe liderar\u00eda el crecimiento con una expansi\u00f3n de 5,6 por ciento, seguido por Am\u00e9rica del Sur con 2,4 por ciento, mientras que Am\u00e9rica Central registrar\u00eda un avance de 2,2 por ciento. El informe tambi\u00e9n se\u00f1ala que el entorno internacional incidir\u00e1 en el desempe\u00f1o econ\u00f3mico, con condiciones financieras m\u00e1s restrictivas, menor dinamismo del comercio global y variaciones en los precios de energ\u00eda y alimentos. Asimismo, el organismo subraya la persistencia de riesgos como la volatilidad de los mercados y limitaciones estructurales, por lo que recomienda fortalecer la inversi\u00f3n, la productividad y la resiliencia macroecon\u00f3mica en los pa\u00edses de la regi\u00f3n. Fin<\/p>\n","protected":false},"excerpt":{"rendered":"<p>CARACAS, 27 abr (Xinhua) &#8212; Venezuela proyecta un crecimiento econ\u00f3mico de 6,5 por ciento para&#8230;<\/p>\n","protected":false},"author":1,"featured_media":0,"comment_status":"closed","ping_status":"closed","sticky":false,"template":"","format":"standard","meta":{"footnotes":""},"categories":[2],"tags":[],"class_list":["post-50438","post","type-post","status-publish","format-standard","hentry","category-internacional"],"_links":{"self":[{"href":"https:\/\/informadorweb.com\/index.php?rest_route=\/wp\/v2\/posts\/50438","targetHints":{"allow":["GET"]}}],"collection":[{"href":"https:\/\/informadorweb.com\/index.php?rest_route=\/wp\/v2\/posts"}],"about":[{"href":"https:\/\/informadorweb.com\/index.php?rest_route=\/wp\/v2\/types\/post"}],"author":[{"embeddable":true,"href":"https:\/\/informadorweb.com\/index.php?rest_route=\/wp\/v2\/users\/1"}],"replies":[{"embeddable":true,"href":"https:\/\/informadorweb.com\/index.php?rest_route=%2Fwp%2Fv2%2Fcomments&post=50438"}],"version-history":[{"count":1,"href":"https:\/\/informadorweb.com\/index.php?rest_route=\/wp\/v2\/posts\/50438\/revisions"}],"predecessor-version":[{"id":50439,"href":"https:\/\/informadorweb.com\/index.php?rest_route=\/wp\/v2\/posts\/50438\/revisions\/50439"}],"wp:attachment":[{"href":"https:\/\/informadorweb.com\/index.php?rest_route=%2Fwp%2Fv2%2Fmedia&parent=50438"}],"wp:term":[{"taxonomy":"category","embeddable":true,"href":"https:\/\/informadorweb.com\/index.php?rest_route=%2Fwp%2Fv2%2Fcategories&post=50438"},{"taxonomy":"post_tag","embeddable":true,"href":"https:\/\/informadorweb.com\/index.php?rest_route=%2Fwp%2Fv2%2Ftags&post=50438"}],"curies":[{"name":"wp","href":"https:\/\/api.w.org\/{rel}","templated":true}]}}