{"id":50432,"date":"2026-04-28T12:00:54","date_gmt":"2026-04-28T18:00:54","guid":{"rendered":"https:\/\/informadorweb.com\/?p=50432"},"modified":"2026-04-28T18:00:55","modified_gmt":"2026-04-28T18:00:55","slug":"incautan-900-kilos-de-droga-en-operativo-binacional-entre-ecuador-y-colombia","status":"publish","type":"post","link":"https:\/\/informadorweb.com\/?p=50432","title":{"rendered":"Incautan 900 kilos de droga en operativo binacional entre Ecuador y Colombia"},"content":{"rendered":"<p>QUITO, 27 abr (Xinhua) &#8212; Un operativo conjunto entre las polic\u00edas de Ecuador y Colombia, en coordinaci\u00f3n con otras agencias de seguridad, permiti\u00f3 la incautaci\u00f3n de 900 kilogramos de droga, inform\u00f3 este lunes el ministro ecuatoriano del Interior, John Reimberg. En su cuenta de la red social X, el ministro detall\u00f3 que el decomiso de alcaloides y diversos insumos utilizados para su procesamiento se llev\u00f3 a cabo en la zona de El Tambo, en el departamento colombiano del Cauca. Reimberg a\u00f1adi\u00f3 que la sustancia incautada pertenecer\u00eda al grupo armado organizado conocido como la facci\u00f3n \u00abIv\u00e1n Mordisco\u00bb, en concreto al Bloque Occidental Jacobo Arenas &#8211; Estructura \u00abCarlos Pati\u00f1o\u00bb, considerado uno de los frentes m\u00e1s violentos de la disidencia de las extintas Fuerzas Armadas Revolucionarias de Colombia (FARC). \u00abEsta econom\u00eda criminal transnacional est\u00e1 dedicada a la producci\u00f3n y posterior env\u00edo de coca\u00edna desde Colombia hacia Ecuador, con destino final a Centroam\u00e9rica y Norteam\u00e9rica\u00bb, precis\u00f3 el ministro. Durante la intervenci\u00f3n tambi\u00e9n se decomisaron 184 galones de coca\u00edna en suspensi\u00f3n, 5.357 galones de insumos l\u00edquidos y 375 kilogramos de insumos s\u00f3lidos utilizados en el procesamiento de la droga. Reimberg destac\u00f3 que habr\u00e1 \u00abcero impunidad para las econom\u00edas criminales\u00bb al compartir en su cuenta fotograf\u00edas de la droga incautada. Ecuador ha intensificado la lucha contra el narcotr\u00e1fico en el marco del \u00abconflicto armado interno\u00bb declarado desde 2024 por el presidente Daniel Noboa contra las bandas de crimen organizado. Fin<\/p>\n","protected":false},"excerpt":{"rendered":"<p>QUITO, 27 abr (Xinhua) &#8212; Un operativo conjunto entre las polic\u00edas de Ecuador y Colombia,&#8230;<\/p>\n","protected":false},"author":1,"featured_media":0,"comment_status":"closed","ping_status":"closed","sticky":false,"template":"","format":"standard","meta":{"footnotes":""},"categories":[2],"tags":[],"class_list":["post-50432","post","type-post","status-publish","format-standard","hentry","category-internacional"],"_links":{"self":[{"href":"https:\/\/informadorweb.com\/index.php?rest_route=\/wp\/v2\/posts\/50432","targetHints":{"allow":["GET"]}}],"collection":[{"href":"https:\/\/informadorweb.com\/index.php?rest_route=\/wp\/v2\/posts"}],"about":[{"href":"https:\/\/informadorweb.com\/index.php?rest_route=\/wp\/v2\/types\/post"}],"author":[{"embeddable":true,"href":"https:\/\/informadorweb.com\/index.php?rest_route=\/wp\/v2\/users\/1"}],"replies":[{"embeddable":true,"href":"https:\/\/informadorweb.com\/index.php?rest_route=%2Fwp%2Fv2%2Fcomments&post=50432"}],"version-history":[{"count":1,"href":"https:\/\/informadorweb.com\/index.php?rest_route=\/wp\/v2\/posts\/50432\/revisions"}],"predecessor-version":[{"id":50433,"href":"https:\/\/informadorweb.com\/index.php?rest_route=\/wp\/v2\/posts\/50432\/revisions\/50433"}],"wp:attachment":[{"href":"https:\/\/informadorweb.com\/index.php?rest_route=%2Fwp%2Fv2%2Fmedia&parent=50432"}],"wp:term":[{"taxonomy":"category","embeddable":true,"href":"https:\/\/informadorweb.com\/index.php?rest_route=%2Fwp%2Fv2%2Fcategories&post=50432"},{"taxonomy":"post_tag","embeddable":true,"href":"https:\/\/informadorweb.com\/index.php?rest_route=%2Fwp%2Fv2%2Ftags&post=50432"}],"curies":[{"name":"wp","href":"https:\/\/api.w.org\/{rel}","templated":true}]}}