{"id":50430,"date":"2026-04-28T12:00:38","date_gmt":"2026-04-28T18:00:38","guid":{"rendered":"https:\/\/informadorweb.com\/?p=50430"},"modified":"2026-04-28T18:00:39","modified_gmt":"2026-04-28T18:00:39","slug":"paraguay-y-brasil-realizaran-vacunacion-conjunta-contra-el-sarampion-en-zona-fronteriza","status":"publish","type":"post","link":"https:\/\/informadorweb.com\/?p=50430","title":{"rendered":"Paraguay y Brasil realizar\u00e1n vacunaci\u00f3n conjunta contra el sarampi\u00f3n en zona fronteriza"},"content":{"rendered":"<p>ASUNCI\u00d3N, 27 abr (Xinhua) &#8212; El Ministerio de Salud de Paraguay inform\u00f3 este lunes que llevar\u00e1 a cabo una jornada de vacunaci\u00f3n conjunta contra el sarampi\u00f3n en la frontera entre Pedro Juan Caballero, Paraguay, y Ponta Por\u00e1, Brasil. La actividad, programada para el martes 28 de abril, se desarrollar\u00e1 bajo el lema \u00abD\u00eda D de Vacunaci\u00f3n en Fronteras\u00bb. Se trata de una iniciativa coordinada entre la cartera sanitaria paraguaya y la Organizaci\u00f3n Panamericana de la Salud\/Organizaci\u00f3n Mundial de la Salud (OPS\/OMS) en Paraguay, con el objetivo de movilizar a la poblaci\u00f3n en torno a la inmunizaci\u00f3n. Esta acci\u00f3n se enmarca en la Semana de Vacunaci\u00f3n de las Am\u00e9ricas (25 de abril al 2 de mayo de 2026) y responde a los acuerdos de cooperaci\u00f3n bilateral vigentes, as\u00ed como a los lineamientos acordados en la Reuni\u00f3n de Ministros de Salud del Mercado Com\u00fan del Sur (Mercosur) para fortalecer la vacunaci\u00f3n en zonas fronterizas. Seg\u00fan el comunicado oficial, el Ministerio de Salud paraguayo, a trav\u00e9s del Programa Ampliado de Inmunizaciones a nivel nacional y de la XIII Regi\u00f3n Sanitaria de Amambay, priorizar\u00e1 a grupos en situaci\u00f3n de vulnerabilidad, como habitantes de periferias urbanas, zonas rurales y comunidades ind\u00edgenas, con el fin de prevenir la reintroducci\u00f3n de enfermedades como el sarampi\u00f3n. La participaci\u00f3n de la Organizaci\u00f3n Mundial de la Salud (OMS) refleja el compromiso con la salud transfronteriza y subraya la relevancia de la integraci\u00f3n regional para garantizar un acceso equitativo a la vacunaci\u00f3n. El Ministerio de Salud de Paraguay destac\u00f3 que la cooperaci\u00f3n bilateral es fundamental para proteger a las poblaciones que residen en zonas fronterizas, reafirmando que la inmunizaci\u00f3n es una herramienta clave para prevenir brotes y avanzar hacia la eliminaci\u00f3n de enfermedades prevenibles. Fin<\/p>\n","protected":false},"excerpt":{"rendered":"<p>ASUNCI\u00d3N, 27 abr (Xinhua) &#8212; El Ministerio de Salud de Paraguay inform\u00f3 este lunes que&#8230;<\/p>\n","protected":false},"author":1,"featured_media":0,"comment_status":"closed","ping_status":"closed","sticky":false,"template":"","format":"standard","meta":{"footnotes":""},"categories":[2],"tags":[],"class_list":["post-50430","post","type-post","status-publish","format-standard","hentry","category-internacional"],"_links":{"self":[{"href":"https:\/\/informadorweb.com\/index.php?rest_route=\/wp\/v2\/posts\/50430","targetHints":{"allow":["GET"]}}],"collection":[{"href":"https:\/\/informadorweb.com\/index.php?rest_route=\/wp\/v2\/posts"}],"about":[{"href":"https:\/\/informadorweb.com\/index.php?rest_route=\/wp\/v2\/types\/post"}],"author":[{"embeddable":true,"href":"https:\/\/informadorweb.com\/index.php?rest_route=\/wp\/v2\/users\/1"}],"replies":[{"embeddable":true,"href":"https:\/\/informadorweb.com\/index.php?rest_route=%2Fwp%2Fv2%2Fcomments&post=50430"}],"version-history":[{"count":1,"href":"https:\/\/informadorweb.com\/index.php?rest_route=\/wp\/v2\/posts\/50430\/revisions"}],"predecessor-version":[{"id":50431,"href":"https:\/\/informadorweb.com\/index.php?rest_route=\/wp\/v2\/posts\/50430\/revisions\/50431"}],"wp:attachment":[{"href":"https:\/\/informadorweb.com\/index.php?rest_route=%2Fwp%2Fv2%2Fmedia&parent=50430"}],"wp:term":[{"taxonomy":"category","embeddable":true,"href":"https:\/\/informadorweb.com\/index.php?rest_route=%2Fwp%2Fv2%2Fcategories&post=50430"},{"taxonomy":"post_tag","embeddable":true,"href":"https:\/\/informadorweb.com\/index.php?rest_route=%2Fwp%2Fv2%2Ftags&post=50430"}],"curies":[{"name":"wp","href":"https:\/\/api.w.org\/{rel}","templated":true}]}}