{"id":50426,"date":"2026-04-28T12:00:02","date_gmt":"2026-04-28T18:00:02","guid":{"rendered":"https:\/\/informadorweb.com\/?p=50426"},"modified":"2026-04-28T18:00:03","modified_gmt":"2026-04-28T18:00:03","slug":"fiscalia-de-peru-abre-investigacion-contra-ocho-militares-y-tres-civiles-por-muerte-de-cinco-personas-en-centro-sur-del-pais","status":"publish","type":"post","link":"https:\/\/informadorweb.com\/?p=50426","title":{"rendered":"Fiscal\u00eda de Per\u00fa abre investigaci\u00f3n contra ocho militares y tres civiles por muerte de cinco personas en centro-sur del pa\u00eds"},"content":{"rendered":"<p>LIMA, 27 abr (Xinhua) &#8212; La Fiscal\u00eda de Per\u00fa inform\u00f3 este lunes que inici\u00f3 una investigaci\u00f3n preliminar contra ocho militares del Ej\u00e9rcito y tres civiles por el presunto delito de \u00abhomicidio calificado\u00bb, tras la muerte de cinco personas durante la intervenci\u00f3n de un veh\u00edculo el pasado fin de semana en la provincia de Tayacaja, en el departamento de Huancavelica (centro-sur). Seg\u00fan indic\u00f3 el Ministerio P\u00fablico en un comunicado, la Fiscal\u00eda Provincial Penal Corporativa de Tayacaja detall\u00f3 que el incidente se produjo el s\u00e1bado 25 de abril en la carretera Colcabamba-Ayacucho, durante una operaci\u00f3n de control territorial por presunto tr\u00e1fico il\u00edcito de drogas en una zona perteneciente al Valle de los R\u00edos Apur\u00edmac, Ene y Mantaro (Vraem). De acuerdo con las primeras indagaciones fiscales, \u00ablos militares habr\u00edan ordenado el alto a una camioneta que se desplazaba en la v\u00eda, para luego atacar con disparos a los ocupantes del veh\u00edculo tras no acatar la disposici\u00f3n de los agentes del orden\u00bb. Por su parte, la privada emisora Radio Programas del Per\u00fa se\u00f1al\u00f3 que lo que en un inicio fue reportado como un enfrentamiento armado contra presuntos delincuentes vinculados al narcotr\u00e1fico deriv\u00f3 en la detenci\u00f3n de los ocho efectivos por el posible \u00abuso excesivo de la fuerza mediante un ataque unidireccional\u00bb contra el veh\u00edculo. Para esclarecer lo sucedido, el Ministerio P\u00fablico dispuso \u00abla pr\u00e1ctica de pericias bal\u00edsticas forenses y de absorci\u00f3n at\u00f3mica en los investigados, la incautaci\u00f3n de sus celulares, as\u00ed como del veh\u00edculo con los impactos de bala, recibir las declaraciones de los militares y de los heridos sobrevivientes, entre otras diligencias\u00bb. El despacho fiscal, a cargo de la fiscal provincial Zina Romero, contin\u00faa a la espera de los resultados periciales, con el fin de proseguir de acuerdo a sus competencias para establecer las responsabilidades penales correspondientes en la brevedad del plazo. Fin<\/p>\n","protected":false},"excerpt":{"rendered":"<p>LIMA, 27 abr (Xinhua) &#8212; La Fiscal\u00eda de Per\u00fa inform\u00f3 este lunes que inici\u00f3 una&#8230;<\/p>\n","protected":false},"author":1,"featured_media":0,"comment_status":"closed","ping_status":"closed","sticky":false,"template":"","format":"standard","meta":{"footnotes":""},"categories":[2],"tags":[],"class_list":["post-50426","post","type-post","status-publish","format-standard","hentry","category-internacional"],"_links":{"self":[{"href":"https:\/\/informadorweb.com\/index.php?rest_route=\/wp\/v2\/posts\/50426","targetHints":{"allow":["GET"]}}],"collection":[{"href":"https:\/\/informadorweb.com\/index.php?rest_route=\/wp\/v2\/posts"}],"about":[{"href":"https:\/\/informadorweb.com\/index.php?rest_route=\/wp\/v2\/types\/post"}],"author":[{"embeddable":true,"href":"https:\/\/informadorweb.com\/index.php?rest_route=\/wp\/v2\/users\/1"}],"replies":[{"embeddable":true,"href":"https:\/\/informadorweb.com\/index.php?rest_route=%2Fwp%2Fv2%2Fcomments&post=50426"}],"version-history":[{"count":1,"href":"https:\/\/informadorweb.com\/index.php?rest_route=\/wp\/v2\/posts\/50426\/revisions"}],"predecessor-version":[{"id":50427,"href":"https:\/\/informadorweb.com\/index.php?rest_route=\/wp\/v2\/posts\/50426\/revisions\/50427"}],"wp:attachment":[{"href":"https:\/\/informadorweb.com\/index.php?rest_route=%2Fwp%2Fv2%2Fmedia&parent=50426"}],"wp:term":[{"taxonomy":"category","embeddable":true,"href":"https:\/\/informadorweb.com\/index.php?rest_route=%2Fwp%2Fv2%2Fcategories&post=50426"},{"taxonomy":"post_tag","embeddable":true,"href":"https:\/\/informadorweb.com\/index.php?rest_route=%2Fwp%2Fv2%2Ftags&post=50426"}],"curies":[{"name":"wp","href":"https:\/\/api.w.org\/{rel}","templated":true}]}}