{"id":50422,"date":"2026-04-28T11:59:28","date_gmt":"2026-04-28T17:59:28","guid":{"rendered":"https:\/\/informadorweb.com\/?p=50422"},"modified":"2026-04-28T17:59:29","modified_gmt":"2026-04-28T17:59:29","slug":"onu-exige-a-grupos-armados-en-colombia-cesar-sus-ataques-contra-poblacion-civil","status":"publish","type":"post","link":"https:\/\/informadorweb.com\/?p=50422","title":{"rendered":"ONU exige a grupos armados en Colombia cesar sus ataques contra poblaci\u00f3n civil"},"content":{"rendered":"<div class=\"el-scrollbar__wrap\">\n<div class=\"el-scrollbar__view\">\n<div class=\"news-content\" data-v-e79c3ee4=\"\">BOGOT\u00c1, 27 abr (Xinhua) &#8212; El representante de la Organizaci\u00f3n de las Naciones Unidas (ONU) en Colombia y jefe de la misi\u00f3n de verificaci\u00f3n, Miroslav Jenca, exigi\u00f3 este lunes a los grupos armados colombianos cesar los ataques a la poblaci\u00f3n civil, luego del atentado con explosivos en la v\u00eda Panamericana (suroeste) que dej\u00f3 al menos 20 muertos el s\u00e1bado anterior. \u00abDesde las Naciones Unidas reitero nuestra profunda preocupaci\u00f3n y contundente rechazo a los grav\u00edsimos hechos de violencia en el Cauca y Valle del Cauca\u00bb, expres\u00f3. Jenca envi\u00f3 un mensaje de solidaridad a las v\u00edctimas y a sus familias as\u00ed como a los habitantes de esta regi\u00f3n del suroeste del pa\u00eds en donde se han reportado alrededor de 30 ataques de las disidencias de las FARC en los \u00faltimos d\u00edas, los cuales han dejado m\u00e1s de 50 heridos. \u00abReitero el llamado urgente a los grupos armados para que cesen de inmediato todas las acciones que causan da\u00f1o y sufrimiento a la poblaci\u00f3n civil\u00bb, manifest\u00f3. Asimismo subray\u00f3 la necesidad de implementar las medidas necesarias para garantizar la seguridad de los colombianos. El funcionario sostuvo que conf\u00eda en las acciones contundentes de las autoridades para enfrentar la situaci\u00f3n de orden p\u00fablico en el pa\u00eds. \u00abLa Misi\u00f3n de las Naciones Unidas en Colombia reitera su compromiso con la paz y la seguridad en el pa\u00eds\u00bb, concluy\u00f3. Entre tanto las asociaciones de transportadores y productores en el pa\u00eds han manifestado su preocupaci\u00f3n por la seguridad de la v\u00eda Panamericana. En este sentido, la presidenta de la Federaci\u00f3n Colombiana de Transportadores de Carga por Carretera (Colfecar) manifest\u00f3 a medios locales que \u00abdesde Colfecar venimos advirtiendo esto, este corredor es el m\u00e1s inseguro para el transporte de carga, la v\u00eda Panamericana es, adem\u00e1s, la \u00fanica carretera que tenemos para abastecer el suroccidente\u00bb. Fin<\/div>\n<\/div>\n<\/div>\n<div class=\"el-scrollbar__bar is-horizontal\"><\/div>\n","protected":false},"excerpt":{"rendered":"<p>BOGOT\u00c1, 27 abr (Xinhua) &#8212; El representante de la Organizaci\u00f3n de las Naciones Unidas (ONU)&#8230;<\/p>\n","protected":false},"author":1,"featured_media":0,"comment_status":"closed","ping_status":"closed","sticky":false,"template":"","format":"standard","meta":{"footnotes":""},"categories":[2],"tags":[],"class_list":["post-50422","post","type-post","status-publish","format-standard","hentry","category-internacional"],"_links":{"self":[{"href":"https:\/\/informadorweb.com\/index.php?rest_route=\/wp\/v2\/posts\/50422","targetHints":{"allow":["GET"]}}],"collection":[{"href":"https:\/\/informadorweb.com\/index.php?rest_route=\/wp\/v2\/posts"}],"about":[{"href":"https:\/\/informadorweb.com\/index.php?rest_route=\/wp\/v2\/types\/post"}],"author":[{"embeddable":true,"href":"https:\/\/informadorweb.com\/index.php?rest_route=\/wp\/v2\/users\/1"}],"replies":[{"embeddable":true,"href":"https:\/\/informadorweb.com\/index.php?rest_route=%2Fwp%2Fv2%2Fcomments&post=50422"}],"version-history":[{"count":1,"href":"https:\/\/informadorweb.com\/index.php?rest_route=\/wp\/v2\/posts\/50422\/revisions"}],"predecessor-version":[{"id":50423,"href":"https:\/\/informadorweb.com\/index.php?rest_route=\/wp\/v2\/posts\/50422\/revisions\/50423"}],"wp:attachment":[{"href":"https:\/\/informadorweb.com\/index.php?rest_route=%2Fwp%2Fv2%2Fmedia&parent=50422"}],"wp:term":[{"taxonomy":"category","embeddable":true,"href":"https:\/\/informadorweb.com\/index.php?rest_route=%2Fwp%2Fv2%2Fcategories&post=50422"},{"taxonomy":"post_tag","embeddable":true,"href":"https:\/\/informadorweb.com\/index.php?rest_route=%2Fwp%2Fv2%2Ftags&post=50422"}],"curies":[{"name":"wp","href":"https:\/\/api.w.org\/{rel}","templated":true}]}}