{"id":50416,"date":"2026-04-28T11:58:37","date_gmt":"2026-04-28T17:58:37","guid":{"rendered":"https:\/\/informadorweb.com\/?p=50416"},"modified":"2026-04-28T17:58:38","modified_gmt":"2026-04-28T17:58:38","slug":"cartera-de-fabricante-aeroespacial-brasileno-embraer-crece-22-y-bate-record-en-pedidos","status":"publish","type":"post","link":"https:\/\/informadorweb.com\/?p=50416","title":{"rendered":"Cartera de fabricante aeroespacial brasile\u00f1o Embraer crece 22% y bate r\u00e9cord en pedidos"},"content":{"rendered":"<p>SAO PAULO, 27 abr (Xinhua) &#8212; La cartera de pedidos del fabricante aeroespacial Embraer sum\u00f3 32.100 millones de d\u00f3lares en el primer trimestre de 2026, 22 por ciento m\u00e1s frente al mismo periodo del a\u00f1o anterior, su sexto r\u00e9cord hist\u00f3rico consecutivo impulsado por el crecimiento en la aviaci\u00f3n comercial y la expansi\u00f3n de sus servicios, inform\u00f3 hoy lunes la empresa brasile\u00f1a. El segmento de aviaci\u00f3n comercial registr\u00f3 pedidos por 15.000 millones de d\u00f3lares, lo que representa un aumento de 50 por ciento interanual. El modelo E195-E2 fue seleccionado por la aerol\u00ednea finlandesa Finnair, que realiz\u00f3 un pedido de hasta 46 aeronaves, indic\u00f3 la compa\u00f1\u00eda. En la divisi\u00f3n de aviaci\u00f3n ejecutiva, la cartera de pedidos se situ\u00f3 en 7.600 millones de d\u00f3lares, manteni\u00e9ndose estable tanto frente al trimestre anterior como en la comparaci\u00f3n interanual. La empresa destac\u00f3 que la familia Phenom 300 fue reconocida como el jet ligero m\u00e1s vendido del mundo por d\u00e9cimo cuarto a\u00f1o consecutivo. El \u00e1rea de Defensa y Seguridad report\u00f3 entregas internacionales que incluyeron un avi\u00f3n de transporte militar KC-390 para Portugal y cuatro unidades del A-29 Super Tucano para Uruguay, Portugal y un cliente no revelado. El segmento de servicios y soporte alcanz\u00f3 un r\u00e9cord de 5.100 millones de d\u00f3lares en su cartera de pedidos, con un crecimiento de 11 por ciento frente al mismo periodo del a\u00f1o pasado. Como antecedente, Embraer inform\u00f3 el pasado 2 de abril que entreg\u00f3 44 aeronaves en el primer trimestre de 2026, un aumento de 47 por ciento en comparaci\u00f3n con el mismo periodo de 2025, impulsado por la mejora en sus procesos productivos. En ese reporte, la empresa detall\u00f3 que 10 aeronaves correspondieron a la aviaci\u00f3n comercial, 29 a la ejecutiva y cinco al \u00e1rea de defensa y seguridad. Embraer, con sede en Sao Jos\u00e9 dos Campos, estado de Sao Paulo (sureste), es l\u00edder mundial en el segmento de la aviaci\u00f3n ejecutiva. Fin<\/p>\n","protected":false},"excerpt":{"rendered":"<p>SAO PAULO, 27 abr (Xinhua) &#8212; La cartera de pedidos del fabricante aeroespacial Embraer sum\u00f3&#8230;<\/p>\n","protected":false},"author":1,"featured_media":0,"comment_status":"closed","ping_status":"closed","sticky":false,"template":"","format":"standard","meta":{"footnotes":""},"categories":[2],"tags":[],"class_list":["post-50416","post","type-post","status-publish","format-standard","hentry","category-internacional"],"_links":{"self":[{"href":"https:\/\/informadorweb.com\/index.php?rest_route=\/wp\/v2\/posts\/50416","targetHints":{"allow":["GET"]}}],"collection":[{"href":"https:\/\/informadorweb.com\/index.php?rest_route=\/wp\/v2\/posts"}],"about":[{"href":"https:\/\/informadorweb.com\/index.php?rest_route=\/wp\/v2\/types\/post"}],"author":[{"embeddable":true,"href":"https:\/\/informadorweb.com\/index.php?rest_route=\/wp\/v2\/users\/1"}],"replies":[{"embeddable":true,"href":"https:\/\/informadorweb.com\/index.php?rest_route=%2Fwp%2Fv2%2Fcomments&post=50416"}],"version-history":[{"count":1,"href":"https:\/\/informadorweb.com\/index.php?rest_route=\/wp\/v2\/posts\/50416\/revisions"}],"predecessor-version":[{"id":50417,"href":"https:\/\/informadorweb.com\/index.php?rest_route=\/wp\/v2\/posts\/50416\/revisions\/50417"}],"wp:attachment":[{"href":"https:\/\/informadorweb.com\/index.php?rest_route=%2Fwp%2Fv2%2Fmedia&parent=50416"}],"wp:term":[{"taxonomy":"category","embeddable":true,"href":"https:\/\/informadorweb.com\/index.php?rest_route=%2Fwp%2Fv2%2Fcategories&post=50416"},{"taxonomy":"post_tag","embeddable":true,"href":"https:\/\/informadorweb.com\/index.php?rest_route=%2Fwp%2Fv2%2Ftags&post=50416"}],"curies":[{"name":"wp","href":"https:\/\/api.w.org\/{rel}","templated":true}]}}