{"id":50406,"date":"2026-04-28T11:56:22","date_gmt":"2026-04-28T17:56:22","guid":{"rendered":"https:\/\/informadorweb.com\/?p=50406"},"modified":"2026-04-28T17:56:23","modified_gmt":"2026-04-28T17:56:23","slug":"ampliacion-presidente-iraqui-nombra-a-ali-al-zaidi-primer-ministro-designado-para-formar-nuevo-gabinete","status":"publish","type":"post","link":"https:\/\/informadorweb.com\/?p=50406","title":{"rendered":"Ampliaci\u00f3n: Presidente iraqu\u00ed nombra a Ali al-Zaidi primer ministro designado para formar nuevo gabinete"},"content":{"rendered":"<p>BAGDAD, 27 abr (Xinhua) &#8212; El presidente de Irak, Nizar Amedi, nombr\u00f3 oficialmente hoy lunes a Ali al-Zaidi como nuevo primer ministro designado y le encomend\u00f3 la tarea de formar un nuevo Gobierno en un lapso de 30 d\u00edas. De acuerdo con la oficial Agencia de Noticias de Irak (ANI), Amedi asign\u00f3 el mandato a Al-Zaidi despu\u00e9s de que este fue nominado por el Marco de Coordinaci\u00f3n, el mayor bloque parlamentario y una alianza que aglutina a los partidos chiitas. \u00abDe conformidad con nuestras responsabilidades constitucionales, hemos encomendado al candidato del mayor bloque parlamentario, Ali al-Zaidi, la tarea de formar un nuevo Gobierno\u00bb, dijo Amedi en su p\u00e1gina de X. Ali al-Zaidi es una importante figura con una carrera que abarca los sectores financiero, acad\u00e9mico y de medios. Actualmente, es presidente del consejo de administraci\u00f3n de la National Holding Company. En enero, el Marco de Coordinaci\u00f3n nomin\u00f3 para el cargo al ex primer ministro Nouri al-Maliki. El presidente de Estados Unidos, Donald Trump, critic\u00f3 la medida y advirti\u00f3 que Washington \u00abya no ayudar\u00eda a Irak\u00bb. Al-Maliki describi\u00f3 la declaraci\u00f3n como una flagrante interferencia y una violaci\u00f3n a la soberan\u00eda iraqu\u00ed. De conformidad con el sistema de poder compartido de Irak posterior a 2003, la presidencia es ocupada por un kurdo, el presidente del Parlamento es un musulm\u00e1n sunita y el primer ministro es un musulm\u00e1n chiita. Fin<\/p>\n","protected":false},"excerpt":{"rendered":"<p>BAGDAD, 27 abr (Xinhua) &#8212; El presidente de Irak, Nizar Amedi, nombr\u00f3 oficialmente hoy lunes&#8230;<\/p>\n","protected":false},"author":1,"featured_media":0,"comment_status":"closed","ping_status":"closed","sticky":false,"template":"","format":"standard","meta":{"footnotes":""},"categories":[2],"tags":[],"class_list":["post-50406","post","type-post","status-publish","format-standard","hentry","category-internacional"],"_links":{"self":[{"href":"https:\/\/informadorweb.com\/index.php?rest_route=\/wp\/v2\/posts\/50406","targetHints":{"allow":["GET"]}}],"collection":[{"href":"https:\/\/informadorweb.com\/index.php?rest_route=\/wp\/v2\/posts"}],"about":[{"href":"https:\/\/informadorweb.com\/index.php?rest_route=\/wp\/v2\/types\/post"}],"author":[{"embeddable":true,"href":"https:\/\/informadorweb.com\/index.php?rest_route=\/wp\/v2\/users\/1"}],"replies":[{"embeddable":true,"href":"https:\/\/informadorweb.com\/index.php?rest_route=%2Fwp%2Fv2%2Fcomments&post=50406"}],"version-history":[{"count":1,"href":"https:\/\/informadorweb.com\/index.php?rest_route=\/wp\/v2\/posts\/50406\/revisions"}],"predecessor-version":[{"id":50407,"href":"https:\/\/informadorweb.com\/index.php?rest_route=\/wp\/v2\/posts\/50406\/revisions\/50407"}],"wp:attachment":[{"href":"https:\/\/informadorweb.com\/index.php?rest_route=%2Fwp%2Fv2%2Fmedia&parent=50406"}],"wp:term":[{"taxonomy":"category","embeddable":true,"href":"https:\/\/informadorweb.com\/index.php?rest_route=%2Fwp%2Fv2%2Fcategories&post=50406"},{"taxonomy":"post_tag","embeddable":true,"href":"https:\/\/informadorweb.com\/index.php?rest_route=%2Fwp%2Fv2%2Ftags&post=50406"}],"curies":[{"name":"wp","href":"https:\/\/api.w.org\/{rel}","templated":true}]}}