{"id":50400,"date":"2026-04-28T11:54:23","date_gmt":"2026-04-28T17:54:23","guid":{"rendered":"https:\/\/informadorweb.com\/?p=50400"},"modified":"2026-04-28T17:54:24","modified_gmt":"2026-04-28T17:54:24","slug":"urgente-presidente-iraqui-nombra-a-ali-al-zaidi-primer-ministro-designado-para-formar-nuevo-gabinete","status":"publish","type":"post","link":"https:\/\/informadorweb.com\/?p=50400","title":{"rendered":"Urgente: Presidente iraqu\u00ed nombra a Ali al-Zaidi primer ministro designado para formar nuevo gabinete"},"content":{"rendered":"<p>BAGDAD, 27 abr (Xinhua) &#8212; El presidente de Irak, Nizar Amedi, nombr\u00f3 oficialmente hoy lunes a Ali al-Zaidi como nuevo primer ministro designado y le encomend\u00f3 la tarea de formar un nuevo Gobierno en un lapso de 30 d\u00edas, inform\u00f3 la oficial Agencia de Noticias de Irak. Fin<\/p>\n","protected":false},"excerpt":{"rendered":"<p>BAGDAD, 27 abr (Xinhua) &#8212; El presidente de Irak, Nizar Amedi, nombr\u00f3 oficialmente hoy lunes&#8230;<\/p>\n","protected":false},"author":1,"featured_media":0,"comment_status":"closed","ping_status":"closed","sticky":false,"template":"","format":"standard","meta":{"footnotes":""},"categories":[2],"tags":[],"class_list":["post-50400","post","type-post","status-publish","format-standard","hentry","category-internacional"],"_links":{"self":[{"href":"https:\/\/informadorweb.com\/index.php?rest_route=\/wp\/v2\/posts\/50400","targetHints":{"allow":["GET"]}}],"collection":[{"href":"https:\/\/informadorweb.com\/index.php?rest_route=\/wp\/v2\/posts"}],"about":[{"href":"https:\/\/informadorweb.com\/index.php?rest_route=\/wp\/v2\/types\/post"}],"author":[{"embeddable":true,"href":"https:\/\/informadorweb.com\/index.php?rest_route=\/wp\/v2\/users\/1"}],"replies":[{"embeddable":true,"href":"https:\/\/informadorweb.com\/index.php?rest_route=%2Fwp%2Fv2%2Fcomments&post=50400"}],"version-history":[{"count":1,"href":"https:\/\/informadorweb.com\/index.php?rest_route=\/wp\/v2\/posts\/50400\/revisions"}],"predecessor-version":[{"id":50401,"href":"https:\/\/informadorweb.com\/index.php?rest_route=\/wp\/v2\/posts\/50400\/revisions\/50401"}],"wp:attachment":[{"href":"https:\/\/informadorweb.com\/index.php?rest_route=%2Fwp%2Fv2%2Fmedia&parent=50400"}],"wp:term":[{"taxonomy":"category","embeddable":true,"href":"https:\/\/informadorweb.com\/index.php?rest_route=%2Fwp%2Fv2%2Fcategories&post=50400"},{"taxonomy":"post_tag","embeddable":true,"href":"https:\/\/informadorweb.com\/index.php?rest_route=%2Fwp%2Fv2%2Ftags&post=50400"}],"curies":[{"name":"wp","href":"https:\/\/api.w.org\/{rel}","templated":true}]}}