{"id":50398,"date":"2026-04-28T11:54:05","date_gmt":"2026-04-28T17:54:05","guid":{"rendered":"https:\/\/informadorweb.com\/?p=50398"},"modified":"2026-04-28T17:54:06","modified_gmt":"2026-04-28T17:54:06","slug":"presidente-de-ecuador-oficializa-nuevo-ministro-de-salud-en-medio-de-crisis-del-sistema-sanitario","status":"publish","type":"post","link":"https:\/\/informadorweb.com\/?p=50398","title":{"rendered":"Presidente de Ecuador oficializa nuevo ministro de Salud en medio de crisis del sistema sanitario"},"content":{"rendered":"<p>QUITO, 27 abr (Xinhua) &#8212; El presidente de Ecuador, Daniel Noboa, oficializ\u00f3 hoy lunes la designaci\u00f3n de Jaime Otton Bernab\u00e9 como nuevo ministro de Salud P\u00fablica, poniendo fin al encargo que manten\u00eda la vicepresidenta Mar\u00eda Jos\u00e9 Pinto desde noviembre de 2025, inform\u00f3 el Gobierno. El cambio se formaliz\u00f3 mediante un decreto ejecutivo firmado por el mandatario, con el que el Gobierno redefine la conducci\u00f3n de una de las carteras m\u00e1s sensibles del pa\u00eds. La designaci\u00f3n del nuevo ministro fue anunciada el 20 de abril y estaba pendiente de su oficializaci\u00f3n mediante decreto, en medio de cuestionamientos legales y administrativos contra el funcionario. Bernab\u00e9 se convierte en el sexto ministro de Salud P\u00fablica durante el gobierno de Noboa, y su designaci\u00f3n abre un nuevo cap\u00edtulo en la gesti\u00f3n de un sistema sanitario en crisis. El sector enfrenta una escasez cr\u00edtica de f\u00e1rmacos esenciales y tiene equipos hospitalarios fuera de servicio por falta de mantenimiento, seg\u00fan denuncian gremios del sector que han protagonizado recientes protestas. A ese panorama se suman cuestionamientos por una presunta falta de planificaci\u00f3n estrat\u00e9gica en el Ministerio de Salud y desvinculaciones masivas de personal m\u00e9dico. La cartera sanitaria ha justificado esta medida como parte de un proceso de \u00aboptimizaci\u00f3n de recursos\u00bb ante la duplicidad de funciones. El nuevo ministro de Salud ya ocup\u00f3 en 2024 la direcci\u00f3n general del Instituto Ecuatoriano de Seguridad Social, pero permaneci\u00f3 en el cargo apenas 27 d\u00edas. Seg\u00fan la Contralor\u00eda General del Estado, fue removido por no declarar su participaci\u00f3n en empresas proveedoras de servicios m\u00e9dicos al Estado, lo que contraviene la normativa vigente. Bernab\u00e9 es m\u00e9dico cirujano graduado de la Universidad Estatal de Guayaquil, en el suroeste de Ecuador, y especialista en Medicina Intensiva por la Universidad Aut\u00f3noma de Madrid, con formaci\u00f3n en hospitales de Espa\u00f1a. Fin<\/p>\n","protected":false},"excerpt":{"rendered":"<p>QUITO, 27 abr (Xinhua) &#8212; El presidente de Ecuador, Daniel Noboa, oficializ\u00f3 hoy lunes la&#8230;<\/p>\n","protected":false},"author":1,"featured_media":0,"comment_status":"closed","ping_status":"closed","sticky":false,"template":"","format":"standard","meta":{"footnotes":""},"categories":[2],"tags":[],"class_list":["post-50398","post","type-post","status-publish","format-standard","hentry","category-internacional"],"_links":{"self":[{"href":"https:\/\/informadorweb.com\/index.php?rest_route=\/wp\/v2\/posts\/50398","targetHints":{"allow":["GET"]}}],"collection":[{"href":"https:\/\/informadorweb.com\/index.php?rest_route=\/wp\/v2\/posts"}],"about":[{"href":"https:\/\/informadorweb.com\/index.php?rest_route=\/wp\/v2\/types\/post"}],"author":[{"embeddable":true,"href":"https:\/\/informadorweb.com\/index.php?rest_route=\/wp\/v2\/users\/1"}],"replies":[{"embeddable":true,"href":"https:\/\/informadorweb.com\/index.php?rest_route=%2Fwp%2Fv2%2Fcomments&post=50398"}],"version-history":[{"count":1,"href":"https:\/\/informadorweb.com\/index.php?rest_route=\/wp\/v2\/posts\/50398\/revisions"}],"predecessor-version":[{"id":50399,"href":"https:\/\/informadorweb.com\/index.php?rest_route=\/wp\/v2\/posts\/50398\/revisions\/50399"}],"wp:attachment":[{"href":"https:\/\/informadorweb.com\/index.php?rest_route=%2Fwp%2Fv2%2Fmedia&parent=50398"}],"wp:term":[{"taxonomy":"category","embeddable":true,"href":"https:\/\/informadorweb.com\/index.php?rest_route=%2Fwp%2Fv2%2Fcategories&post=50398"},{"taxonomy":"post_tag","embeddable":true,"href":"https:\/\/informadorweb.com\/index.php?rest_route=%2Fwp%2Fv2%2Ftags&post=50398"}],"curies":[{"name":"wp","href":"https:\/\/api.w.org\/{rel}","templated":true}]}}