{"id":50396,"date":"2026-04-28T11:53:40","date_gmt":"2026-04-28T17:53:40","guid":{"rendered":"https:\/\/informadorweb.com\/?p=50396"},"modified":"2026-04-28T17:53:41","modified_gmt":"2026-04-28T17:53:41","slug":"merz-critica-estrategia-de-eeuu-en-conflicto-de-iran","status":"publish","type":"post","link":"https:\/\/informadorweb.com\/?p=50396","title":{"rendered":"Merz critica estrategia de EEUU en conflicto de Ir\u00e1n"},"content":{"rendered":"<div class=\"el-scrollbar__wrap\">\n<div class=\"el-scrollbar__view\">\n<div class=\"news-content\" data-v-e79c3ee4=\"\">BERL\u00cdN, 27 abr (Xinhua) &#8212; El canciller alem\u00e1n, Friedrich Merz, critic\u00f3 hoy a Estados Unidos por su conflicto militar en Ir\u00e1n \u00abcarente de planes\u00bb y agreg\u00f3 que Estados Unidos \u00abest\u00e1 siendo humillado por la dirigencia iran\u00ed\u00bb. En el Carolus-Magnus-Gymnasium, una escuela de Marsberg, en Renania del Norte-Westfalia, Merz expres\u00f3 su escepticismo con respecto a la capacidad de Washington de concluir r\u00e1pidamente la guerra con Ir\u00e1n. Estados Unidos \u00abobviamente entr\u00f3 a esta guerra sin una estrategia\u00bb, dijo Merz, seg\u00fan informes de la revista alemana Spiegel, y agreg\u00f3 que la parte iran\u00ed est\u00e1 negociando con gran habilidad. \u00abEl problema con conflictos como este es siempre que no s\u00f3lo tienes que entrar, tambi\u00e9n tienes que salir\u00bb, dijo. Merz reiter\u00f3 la propuesta de Alemania de ayudar a asegurar el estrecho de Ormuz y a restablecer las cadenas globales de suministro petrolero. Sin embargo, enfatiz\u00f3 que Alemania solo participar\u00e1 cuando las operaciones de combate hayan cesado. El 28 de febrero, Israel y Estados Unidos lanzaron ataques conjuntos contra Teher\u00e1n y algunas otras ciudades iran\u00edes, durante los cuales mataron al entonces l\u00edder iran\u00ed supremo Ali Jamenei, a importantes comandantes militares y a civiles. Ir\u00e1n respondi\u00f3 con oleadas de ataques con misiles y drones contra Israel y contra intereses de Estados Unidos en Medio Oriente, y endureciendo el control del estrecho de Ormuz, una ruta global clave para los env\u00edos de petr\u00f3leo y gas. El 8 de abril se alcanz\u00f3 un cese al fuego, pero Ir\u00e1n y Estados Unidos no lograron llegar un acuerdo durante sus conversaciones en Islamabad, la capital de Pakist\u00e1n. M\u00e1s tarde, Estados Unidos impuso su propio bloqueo a esta v\u00eda navegable. Las afectaciones en el estrecho han elevado fuertemente los precios de la energ\u00eda. El crudo Brent se ubic\u00f3 hoy lunes por arriba de los 107 d\u00f3lares el barril. Fin<\/div>\n<\/div>\n<\/div>\n<div class=\"el-scrollbar__bar is-horizontal\"><\/div>\n","protected":false},"excerpt":{"rendered":"<p>BERL\u00cdN, 27 abr (Xinhua) &#8212; El canciller alem\u00e1n, Friedrich Merz, critic\u00f3 hoy a Estados Unidos&#8230;<\/p>\n","protected":false},"author":1,"featured_media":0,"comment_status":"closed","ping_status":"closed","sticky":false,"template":"","format":"standard","meta":{"footnotes":""},"categories":[2],"tags":[],"class_list":["post-50396","post","type-post","status-publish","format-standard","hentry","category-internacional"],"_links":{"self":[{"href":"https:\/\/informadorweb.com\/index.php?rest_route=\/wp\/v2\/posts\/50396","targetHints":{"allow":["GET"]}}],"collection":[{"href":"https:\/\/informadorweb.com\/index.php?rest_route=\/wp\/v2\/posts"}],"about":[{"href":"https:\/\/informadorweb.com\/index.php?rest_route=\/wp\/v2\/types\/post"}],"author":[{"embeddable":true,"href":"https:\/\/informadorweb.com\/index.php?rest_route=\/wp\/v2\/users\/1"}],"replies":[{"embeddable":true,"href":"https:\/\/informadorweb.com\/index.php?rest_route=%2Fwp%2Fv2%2Fcomments&post=50396"}],"version-history":[{"count":1,"href":"https:\/\/informadorweb.com\/index.php?rest_route=\/wp\/v2\/posts\/50396\/revisions"}],"predecessor-version":[{"id":50397,"href":"https:\/\/informadorweb.com\/index.php?rest_route=\/wp\/v2\/posts\/50396\/revisions\/50397"}],"wp:attachment":[{"href":"https:\/\/informadorweb.com\/index.php?rest_route=%2Fwp%2Fv2%2Fmedia&parent=50396"}],"wp:term":[{"taxonomy":"category","embeddable":true,"href":"https:\/\/informadorweb.com\/index.php?rest_route=%2Fwp%2Fv2%2Fcategories&post=50396"},{"taxonomy":"post_tag","embeddable":true,"href":"https:\/\/informadorweb.com\/index.php?rest_route=%2Fwp%2Fv2%2Ftags&post=50396"}],"curies":[{"name":"wp","href":"https:\/\/api.w.org\/{rel}","templated":true}]}}