{"id":50370,"date":"2026-04-28T11:48:02","date_gmt":"2026-04-28T17:48:02","guid":{"rendered":"https:\/\/informadorweb.com\/?p=50370"},"modified":"2026-04-28T17:48:03","modified_gmt":"2026-04-28T17:48:03","slug":"america-latina-creceria-22-en-2026-en-medio-de-menor-dinamismo-y-mayor-incertidumbre-global-segun-la-cepal","status":"publish","type":"post","link":"https:\/\/informadorweb.com\/?p=50370","title":{"rendered":"Am\u00e9rica Latina crecer\u00eda 2,2% en 2026 en medio de menor dinamismo y mayor incertidumbre global, seg\u00fan la CEPAL"},"content":{"rendered":"<p>SANTIAGO, 27 abr (Xinhua) &#8212; Las econom\u00edas de Am\u00e9rica Latina y el Caribe crecer\u00edan en promedio un 2,2 por ciento en 2026, seg\u00fan una actualizaci\u00f3n de la Comisi\u00f3n Econ\u00f3mica para Am\u00e9rica Latina y el Caribe (CEPAL) publicada hoy lunes, que revis\u00f3 ligeramente a la baja su estimaci\u00f3n previa de 2,3 por ciento. \u00abEl menor dinamismo proyectado se observa de manera generalizada\u00bb, se\u00f1al\u00f3 el organismo en un comunicado, al indicar que 24 de los 33 pa\u00edses de la regi\u00f3n registrar\u00edan desaceleraci\u00f3n, mientras solo siete mostrar\u00edan una aceleraci\u00f3n. Dijo que de concretarse esta previsi\u00f3n, la regi\u00f3n acumular\u00eda cuatro a\u00f1os consecutivos con un crecimiento cercano al 2,3 por ciento, reflejando una persistente debilidad estructural. La CEPAL, con sede en Santiago de Chile, atribuy\u00f3 esta modificaci\u00f3n a un contexto internacional m\u00e1s complejo, con mayores tensiones geopol\u00edticas, condiciones financieras restrictivas y el resurgimiento de presiones inflacionarias a nivel global. El deterioro del escenario externo es uno de los principales factores detr\u00e1s de esta revisi\u00f3n a la baja, con \u00e9nfasis en el conflicto b\u00e9lico en Medio Oriente que ha elevado la incertidumbre global y la volatilidad en los mercados financieros y de materias primas. En particular, el precio promedio del petr\u00f3leo en las tres primeras semanas de abril se ubic\u00f3 un 74 por ciento por encima del valor promedio de diciembre de 2025, describi\u00f3 la Comisi\u00f3n. Este aumento gener\u00f3 presiones inflacionarias globales y encareci\u00f3 los costos de producci\u00f3n y transporte, sostuvo el informe, a lo que se suma el aumento en los precios de los alimentos a nivel global, as\u00ed como la desaceleraci\u00f3n del crecimiento de algunos socios relevantes para la regi\u00f3n. En este escenario, la Organizaci\u00f3n Mundial de Comercio (OMC) proyect\u00f3 para 2026 un alza del volumen de comercio mundial de bienes y servicios de 2,7 por ciento, luego de haber crecido 4,7 por ciento durante 2025. La CEPAL expres\u00f3 en su an\u00e1lisis que, entre mayor inflaci\u00f3n y reducci\u00f3n de perspectivas de crecimiento, los principales bancos centrales han adoptado posturas m\u00e1s cautelosas. En tanto, \u00aba nivel regional, el crecimiento se ver\u00eda limitado principalmente por un menor dinamismo del consumo privado. Si bien la inversi\u00f3n muestra se\u00f1ales de recuperaci\u00f3n, esta contin\u00faa siendo moderada en la mayor\u00eda de los pa\u00edses\u00bb, sostuvo. En l\u00ednea con el menor desempe\u00f1o de la actividad, el empleo en las econom\u00edas de la regi\u00f3n tambi\u00e9n mostrar\u00eda una expansi\u00f3n moderada, en torno al 1,1 por ciento en 2026, tras el 1,5 por ciento del a\u00f1o anterior. Por su parte, los efectos de las presiones de la inflaci\u00f3n a nivel global inducir\u00edan un incremento de la inflaci\u00f3n en la regi\u00f3n, ubicando la mediana en niveles superiores al 3 por ciento durante 2026, que contrasta con el 2,4 por ciento observado en 2025. \u00abEsta situaci\u00f3n es especialmente relevante en las econom\u00edas de Am\u00e9rica del Sur, donde persisten presiones asociadas a la volatilidad del tipo de cambio y al impacto del aumento de los costos de los insumos importados y del transporte\u00bb, a\u00f1adi\u00f3 el organismo de las Naciones Unidas. La CEPAL prev\u00e9 para este per\u00edodo un desempe\u00f1o heterog\u00e9neo de la actividad econ\u00f3mica entre pa\u00edses y subregiones, con nueve pa\u00edses que crecer\u00edan por sobre el 4 por ciento; ocho entre 3 y 4 por ciento, y 13 por debajo de ese nivel. En contraste, tres pa\u00edses sufrir\u00edan ca\u00eddas. Frente a este panorama, el informe advirti\u00f3 sobre los desaf\u00edos estructurales que enfrenta la regi\u00f3n, particularmente un bajo crecimiento tendencial, una alta exposici\u00f3n a choques externos y la necesidad de fortalecer los motores internos de crecimiento. Por lo mismo, llam\u00f3 a las econom\u00edas latinoamericanas y caribe\u00f1as a ampliar la movilizaci\u00f3n de recursos internos y externos, y fortalecer la gobernanza. Fin<\/p>\n","protected":false},"excerpt":{"rendered":"<p>SANTIAGO, 27 abr (Xinhua) &#8212; Las econom\u00edas de Am\u00e9rica Latina y el Caribe crecer\u00edan en&#8230;<\/p>\n","protected":false},"author":1,"featured_media":0,"comment_status":"closed","ping_status":"closed","sticky":false,"template":"","format":"standard","meta":{"footnotes":""},"categories":[2],"tags":[],"class_list":["post-50370","post","type-post","status-publish","format-standard","hentry","category-internacional"],"_links":{"self":[{"href":"https:\/\/informadorweb.com\/index.php?rest_route=\/wp\/v2\/posts\/50370","targetHints":{"allow":["GET"]}}],"collection":[{"href":"https:\/\/informadorweb.com\/index.php?rest_route=\/wp\/v2\/posts"}],"about":[{"href":"https:\/\/informadorweb.com\/index.php?rest_route=\/wp\/v2\/types\/post"}],"author":[{"embeddable":true,"href":"https:\/\/informadorweb.com\/index.php?rest_route=\/wp\/v2\/users\/1"}],"replies":[{"embeddable":true,"href":"https:\/\/informadorweb.com\/index.php?rest_route=%2Fwp%2Fv2%2Fcomments&post=50370"}],"version-history":[{"count":1,"href":"https:\/\/informadorweb.com\/index.php?rest_route=\/wp\/v2\/posts\/50370\/revisions"}],"predecessor-version":[{"id":50371,"href":"https:\/\/informadorweb.com\/index.php?rest_route=\/wp\/v2\/posts\/50370\/revisions\/50371"}],"wp:attachment":[{"href":"https:\/\/informadorweb.com\/index.php?rest_route=%2Fwp%2Fv2%2Fmedia&parent=50370"}],"wp:term":[{"taxonomy":"category","embeddable":true,"href":"https:\/\/informadorweb.com\/index.php?rest_route=%2Fwp%2Fv2%2Fcategories&post=50370"},{"taxonomy":"post_tag","embeddable":true,"href":"https:\/\/informadorweb.com\/index.php?rest_route=%2Fwp%2Fv2%2Ftags&post=50370"}],"curies":[{"name":"wp","href":"https:\/\/api.w.org\/{rel}","templated":true}]}}