{"id":50338,"date":"2026-04-28T11:35:35","date_gmt":"2026-04-28T17:35:35","guid":{"rendered":"https:\/\/informadorweb.com\/?p=50338"},"modified":"2026-04-28T17:35:36","modified_gmt":"2026-04-28T17:35:36","slug":"iran-suspende-exportaciones-de-ciertos-productos-de-acero-durante-mas-de-un-mes","status":"publish","type":"post","link":"https:\/\/informadorweb.com\/?p=50338","title":{"rendered":"Ir\u00e1n suspende exportaciones de ciertos productos de acero durante m\u00e1s de un mes"},"content":{"rendered":"<p>TEHER\u00c1N, 27 abr (Xinhua) &#8212; Ir\u00e1n suspendi\u00f3 las exportaciones de ciertos productos de acero, incluidos diferentes tipos de placas y l\u00e1minas, hasta el 30 de mayo, inform\u00f3 hoy lunes la Organizaci\u00f3n de Promoci\u00f3n del Comercio (TPO, siglas en ingl\u00e9s) del pa\u00eds. En un comunicado publicado en su sitio web, la TPO se\u00f1al\u00f3 que la decisi\u00f3n se tom\u00f3 con base en las resoluciones aprobadas por el Ministerio de Industria, Minas y Comercio del pa\u00eds, as\u00ed como por el Consejo Supremo de Seguridad Nacional. Enumer\u00f3 los art\u00edculos prohibidos como placas de acero, as\u00ed como l\u00e1minas y flejes de acero en caliente, en fr\u00edo, laminados, esta\u00f1ados, galvanizados, revestidos y coloreados, y destac\u00f3 que si el estado de emergencia contin\u00faa, la prohibici\u00f3n de exportaci\u00f3n se extender\u00e1. Ir\u00e1n hab\u00eda prohibido anteriormente las ventas al exterior de ciertos productos qu\u00edmicos, petroqu\u00edmicos y pol\u00edmeros. Dos importantes plantas sider\u00fargicas iran\u00edes, una ubicada en la provincia central de Isfah\u00e1n y la otra en la provincia suroccidental de Juzest\u00e1n, fueron blanco de Estados Unidos e Israel durante su guerra de 40 d\u00edas contra Ir\u00e1n. Los ataques han causado da\u00f1os significativos, lo que ha provocado la suspensi\u00f3n de las operaciones de ciertas unidades de producci\u00f3n. Los ataques de Estados Unidos e Israel tambi\u00e9n impactaron varios complejos petroqu\u00edmicos en el pa\u00eds, lo que ha causado interrupciones en sus operaciones. El 28 de febrero, Israel y Estados Unidos lanzaron ataques conjuntos contra Teher\u00e1n y otras ciudades iran\u00edes que mataron al entonces l\u00edder supremo del pa\u00eds, Ali Jamenei, a altos comandantes y a civiles. Ir\u00e1n respondi\u00f3 con oleadas de ataques con misiles y drones contra Israel y las bases y activos de Estados Unidos en Medio Oriente. Se logr\u00f3 un alto al fuego entre las partes beligerantes el 8 de abril, seguido de largas conversaciones entre las delegaciones iran\u00ed y estadounidense en la capital de Pakist\u00e1n, Islamabad, las cuales no lograron conducir a un acuerdo. Fin<\/p>\n","protected":false},"excerpt":{"rendered":"<p>TEHER\u00c1N, 27 abr (Xinhua) &#8212; Ir\u00e1n suspendi\u00f3 las exportaciones de ciertos productos de acero, incluidos&#8230;<\/p>\n","protected":false},"author":1,"featured_media":0,"comment_status":"closed","ping_status":"closed","sticky":false,"template":"","format":"standard","meta":{"footnotes":""},"categories":[2],"tags":[],"class_list":["post-50338","post","type-post","status-publish","format-standard","hentry","category-internacional"],"_links":{"self":[{"href":"https:\/\/informadorweb.com\/index.php?rest_route=\/wp\/v2\/posts\/50338","targetHints":{"allow":["GET"]}}],"collection":[{"href":"https:\/\/informadorweb.com\/index.php?rest_route=\/wp\/v2\/posts"}],"about":[{"href":"https:\/\/informadorweb.com\/index.php?rest_route=\/wp\/v2\/types\/post"}],"author":[{"embeddable":true,"href":"https:\/\/informadorweb.com\/index.php?rest_route=\/wp\/v2\/users\/1"}],"replies":[{"embeddable":true,"href":"https:\/\/informadorweb.com\/index.php?rest_route=%2Fwp%2Fv2%2Fcomments&post=50338"}],"version-history":[{"count":1,"href":"https:\/\/informadorweb.com\/index.php?rest_route=\/wp\/v2\/posts\/50338\/revisions"}],"predecessor-version":[{"id":50339,"href":"https:\/\/informadorweb.com\/index.php?rest_route=\/wp\/v2\/posts\/50338\/revisions\/50339"}],"wp:attachment":[{"href":"https:\/\/informadorweb.com\/index.php?rest_route=%2Fwp%2Fv2%2Fmedia&parent=50338"}],"wp:term":[{"taxonomy":"category","embeddable":true,"href":"https:\/\/informadorweb.com\/index.php?rest_route=%2Fwp%2Fv2%2Fcategories&post=50338"},{"taxonomy":"post_tag","embeddable":true,"href":"https:\/\/informadorweb.com\/index.php?rest_route=%2Fwp%2Fv2%2Ftags&post=50338"}],"curies":[{"name":"wp","href":"https:\/\/api.w.org\/{rel}","templated":true}]}}