{"id":50298,"date":"2026-04-28T11:24:10","date_gmt":"2026-04-28T17:24:10","guid":{"rendered":"https:\/\/informadorweb.com\/?p=50298"},"modified":"2026-04-28T17:24:11","modified_gmt":"2026-04-28T17:24:11","slug":"ministro-de-asuntos-exteriores-de-belgica-visitara-china","status":"publish","type":"post","link":"https:\/\/informadorweb.com\/?p=50298","title":{"rendered":"Ministro de Asuntos Exteriores de B\u00e9lgica visitar\u00e1 China"},"content":{"rendered":"<p>BEIJING, 27 abr (Xinhua) &#8212; El vice primer ministro y ministro de Asuntos Exteriores de B\u00e9lgica, Maxime Prevot, visitar\u00e1 China del 27 de abril al 1 de mayo, anunci\u00f3 hoy lunes un portavoz del Ministerio de Relaciones Exteriores chino. Prevot realizar\u00e1 el viaje por invitaci\u00f3n de Wang Yi, miembro del Bur\u00f3 Pol\u00edtico del Comit\u00e9 Central del Partido Comunista de China y ministro de Relaciones Exteriores de China, inform\u00f3 el portavoz. Fin<\/p>\n","protected":false},"excerpt":{"rendered":"<p>BEIJING, 27 abr (Xinhua) &#8212; El vice primer ministro y ministro de Asuntos Exteriores de&#8230;<\/p>\n","protected":false},"author":1,"featured_media":0,"comment_status":"closed","ping_status":"closed","sticky":false,"template":"","format":"standard","meta":{"footnotes":""},"categories":[2],"tags":[],"class_list":["post-50298","post","type-post","status-publish","format-standard","hentry","category-internacional"],"_links":{"self":[{"href":"https:\/\/informadorweb.com\/index.php?rest_route=\/wp\/v2\/posts\/50298","targetHints":{"allow":["GET"]}}],"collection":[{"href":"https:\/\/informadorweb.com\/index.php?rest_route=\/wp\/v2\/posts"}],"about":[{"href":"https:\/\/informadorweb.com\/index.php?rest_route=\/wp\/v2\/types\/post"}],"author":[{"embeddable":true,"href":"https:\/\/informadorweb.com\/index.php?rest_route=\/wp\/v2\/users\/1"}],"replies":[{"embeddable":true,"href":"https:\/\/informadorweb.com\/index.php?rest_route=%2Fwp%2Fv2%2Fcomments&post=50298"}],"version-history":[{"count":1,"href":"https:\/\/informadorweb.com\/index.php?rest_route=\/wp\/v2\/posts\/50298\/revisions"}],"predecessor-version":[{"id":50299,"href":"https:\/\/informadorweb.com\/index.php?rest_route=\/wp\/v2\/posts\/50298\/revisions\/50299"}],"wp:attachment":[{"href":"https:\/\/informadorweb.com\/index.php?rest_route=%2Fwp%2Fv2%2Fmedia&parent=50298"}],"wp:term":[{"taxonomy":"category","embeddable":true,"href":"https:\/\/informadorweb.com\/index.php?rest_route=%2Fwp%2Fv2%2Fcategories&post=50298"},{"taxonomy":"post_tag","embeddable":true,"href":"https:\/\/informadorweb.com\/index.php?rest_route=%2Fwp%2Fv2%2Ftags&post=50298"}],"curies":[{"name":"wp","href":"https:\/\/api.w.org\/{rel}","templated":true}]}}