{"id":49935,"date":"2026-04-27T08:19:44","date_gmt":"2026-04-27T14:19:44","guid":{"rendered":"https:\/\/informadorweb.com\/?p=49935"},"modified":"2026-04-27T14:19:45","modified_gmt":"2026-04-27T14:19:45","slug":"venezuela-condena-ataques-en-mali-en-medio-de-escalada-de-violencia-en-el-sahel","status":"publish","type":"post","link":"https:\/\/informadorweb.com\/?p=49935","title":{"rendered":"Venezuela condena ataques en Mal\u00ed en medio de escalada de violencia en el Sahel"},"content":{"rendered":"<p>CARACAS, 26 abr (Xinhua) &#8212; El Gobierno venezolano expres\u00f3 este domingo su condena a los ataques registrados el 25 de abril en Mal\u00ed, en el marco de una ofensiva armada que ha impactado varias ciudades del pa\u00eds africano. En un comunicado, la presidenta encargada de Venezuela, Delcy Rodr\u00edguez, calific\u00f3 los hechos como actos de \u00abviolencia terrorista\u00bb y advirti\u00f3 que afectan la paz y la estabilidad de esa naci\u00f3n. Rodr\u00edguez expres\u00f3 sus condolencias a las v\u00edctimas y reafirm\u00f3 el respaldo de Venezuela al Gobierno y al pueblo de Mal\u00ed, as\u00ed como a sus fuerzas de seguridad. Asimismo, el Ejecutivo venezolano reiter\u00f3 su respeto a la soberan\u00eda y la integridad territorial de ese pa\u00eds africano. Los ataques, que incluyeron acciones contra posiciones militares y zonas urbanas, forman parte de una ofensiva coordinada atribuida a grupos armados yihadistas y rebeldes separatistas. De acuerdo con reportes internacionales, la violencia se extendi\u00f3 a m\u00faltiples localidades, incluida la capital Bamako, en uno de los episodios m\u00e1s graves registrados en los \u00faltimos a\u00f1os en el pa\u00eds. La ofensiva dej\u00f3 v\u00edctimas y heridos, adem\u00e1s de afectar infraestructuras estrat\u00e9gicas, en un contexto de creciente inestabilidad en la regi\u00f3n del Sahel. La situaci\u00f3n en Mal\u00ed se mantiene en desarrollo, con operaciones militares en curso y medidas de seguridad reforzadas en varias ciudades. Fin<\/p>\n","protected":false},"excerpt":{"rendered":"<p>CARACAS, 26 abr (Xinhua) &#8212; El Gobierno venezolano expres\u00f3 este domingo su condena a los&#8230;<\/p>\n","protected":false},"author":1,"featured_media":0,"comment_status":"closed","ping_status":"closed","sticky":false,"template":"","format":"standard","meta":{"footnotes":""},"categories":[2],"tags":[],"class_list":["post-49935","post","type-post","status-publish","format-standard","hentry","category-internacional"],"_links":{"self":[{"href":"https:\/\/informadorweb.com\/index.php?rest_route=\/wp\/v2\/posts\/49935","targetHints":{"allow":["GET"]}}],"collection":[{"href":"https:\/\/informadorweb.com\/index.php?rest_route=\/wp\/v2\/posts"}],"about":[{"href":"https:\/\/informadorweb.com\/index.php?rest_route=\/wp\/v2\/types\/post"}],"author":[{"embeddable":true,"href":"https:\/\/informadorweb.com\/index.php?rest_route=\/wp\/v2\/users\/1"}],"replies":[{"embeddable":true,"href":"https:\/\/informadorweb.com\/index.php?rest_route=%2Fwp%2Fv2%2Fcomments&post=49935"}],"version-history":[{"count":1,"href":"https:\/\/informadorweb.com\/index.php?rest_route=\/wp\/v2\/posts\/49935\/revisions"}],"predecessor-version":[{"id":49936,"href":"https:\/\/informadorweb.com\/index.php?rest_route=\/wp\/v2\/posts\/49935\/revisions\/49936"}],"wp:attachment":[{"href":"https:\/\/informadorweb.com\/index.php?rest_route=%2Fwp%2Fv2%2Fmedia&parent=49935"}],"wp:term":[{"taxonomy":"category","embeddable":true,"href":"https:\/\/informadorweb.com\/index.php?rest_route=%2Fwp%2Fv2%2Fcategories&post=49935"},{"taxonomy":"post_tag","embeddable":true,"href":"https:\/\/informadorweb.com\/index.php?rest_route=%2Fwp%2Fv2%2Ftags&post=49935"}],"curies":[{"name":"wp","href":"https:\/\/api.w.org\/{rel}","templated":true}]}}