{"id":49931,"date":"2026-04-27T08:18:55","date_gmt":"2026-04-27T14:18:55","guid":{"rendered":"https:\/\/informadorweb.com\/?p=49931"},"modified":"2026-04-27T14:18:56","modified_gmt":"2026-04-27T14:18:56","slug":"restricciones-de-transito-se-levantaran-en-zona-roja-de-islamabad-informa-canciller","status":"publish","type":"post","link":"https:\/\/informadorweb.com\/?p=49931","title":{"rendered":"Restricciones de tr\u00e1nsito se levantar\u00e1n en Zona Roja de Islamabad, informa canciller"},"content":{"rendered":"<p>ISLAMABAD, 26 abr (Xinhua) &#8212; Las restricciones de tr\u00e1nsito alrededor de la Zona Roja, sede de los ministerios gubernamentales y misiones extranjeras en la capital pakistan\u00ed Islamabad, se levantar\u00e1n la tarde del domingo, dijo el viceprimer ministro y ministro de Asuntos Exteriores paquistan\u00ed, Ishaq Dar, en una publicaci\u00f3n en redes sociales. La Zona Roja es tambi\u00e9n hogar del Hotel Serena, el lugar en donde se celebr\u00f3 la primera ronda de conversaciones entre Estados Unidos e Ir\u00e1n. Por los preparativos para una posible segunda ronda de conversaciones entre Estados Unidos e Ir\u00e1n, la polic\u00eda de Islamabad dijo en un comunicado el 19 de abril que la Zona Roja y sus \u00e1reas adjuntas estar\u00edan cerradas a todo tipo de veh\u00edculos debido a la llegada de delegaciones extranjeras. Fin<\/p>\n","protected":false},"excerpt":{"rendered":"<p>ISLAMABAD, 26 abr (Xinhua) &#8212; Las restricciones de tr\u00e1nsito alrededor de la Zona Roja, sede&#8230;<\/p>\n","protected":false},"author":1,"featured_media":0,"comment_status":"closed","ping_status":"closed","sticky":false,"template":"","format":"standard","meta":{"footnotes":""},"categories":[2],"tags":[],"class_list":["post-49931","post","type-post","status-publish","format-standard","hentry","category-internacional"],"_links":{"self":[{"href":"https:\/\/informadorweb.com\/index.php?rest_route=\/wp\/v2\/posts\/49931","targetHints":{"allow":["GET"]}}],"collection":[{"href":"https:\/\/informadorweb.com\/index.php?rest_route=\/wp\/v2\/posts"}],"about":[{"href":"https:\/\/informadorweb.com\/index.php?rest_route=\/wp\/v2\/types\/post"}],"author":[{"embeddable":true,"href":"https:\/\/informadorweb.com\/index.php?rest_route=\/wp\/v2\/users\/1"}],"replies":[{"embeddable":true,"href":"https:\/\/informadorweb.com\/index.php?rest_route=%2Fwp%2Fv2%2Fcomments&post=49931"}],"version-history":[{"count":1,"href":"https:\/\/informadorweb.com\/index.php?rest_route=\/wp\/v2\/posts\/49931\/revisions"}],"predecessor-version":[{"id":49932,"href":"https:\/\/informadorweb.com\/index.php?rest_route=\/wp\/v2\/posts\/49931\/revisions\/49932"}],"wp:attachment":[{"href":"https:\/\/informadorweb.com\/index.php?rest_route=%2Fwp%2Fv2%2Fmedia&parent=49931"}],"wp:term":[{"taxonomy":"category","embeddable":true,"href":"https:\/\/informadorweb.com\/index.php?rest_route=%2Fwp%2Fv2%2Fcategories&post=49931"},{"taxonomy":"post_tag","embeddable":true,"href":"https:\/\/informadorweb.com\/index.php?rest_route=%2Fwp%2Fv2%2Ftags&post=49931"}],"curies":[{"name":"wp","href":"https:\/\/api.w.org\/{rel}","templated":true}]}}