{"id":49921,"date":"2026-04-27T08:17:24","date_gmt":"2026-04-27T14:17:24","guid":{"rendered":"https:\/\/informadorweb.com\/?p=49921"},"modified":"2026-04-27T14:17:25","modified_gmt":"2026-04-27T14:17:25","slug":"brasil-lanza-credito-por-unos-2-000-millones-de-dolares-para-impulso-agricola","status":"publish","type":"post","link":"https:\/\/informadorweb.com\/?p=49921","title":{"rendered":"Brasil lanza cr\u00e9dito por unos 2.000 millones de d\u00f3lares para impulso agr\u00edcola"},"content":{"rendered":"<p>SAO PAULO, 26 abr (Xinhua) &#8212; El Programa Move La Am\u00e9rica Brasil tendr\u00e1 una nueva modalidad orientada al financiamiento de maquinaria e implementos agr\u00edcolas con una l\u00ednea de cr\u00e9dito de 10.000 millones de reales (unos 2.000 millones de d\u00f3lares), anunci\u00f3 hoy domingo el vicepresidente de Brasil, Geraldo Alckmin. El tambi\u00e9n ministro del Desarrollo, Industria, Comercio y Servicios de Brasil llev\u00f3 a cabo el lanzamiento de la nueva modalidad durante la apertura de la feria agr\u00edcola \u00abAgrishow 2026\u00bb que se desarrollar\u00e1 hasta el pr\u00f3ximo 1 de mayo en la localidad de Ribeirao Preto, en el interior del estado de Sao Paulo (sureste). La iniciativa cuenta con recursos del Fondo Nacional de Desarrollo Cient\u00edfico y Tecnol\u00f3gico (FNDCT) y busca modernizar el parque de maquinaria del campo brasile\u00f1o con foco en contenido nacional, innovaci\u00f3n, investigaci\u00f3n y desarrollo. A decir de Alckmin, cooperativas agr\u00edcolas podr\u00e1n acceder por primera vez de forma directa a cr\u00e9dito de la Financiadora de Estudios y Proyectos (Finep) para equipos como tractores, cosechadoras, pulverizadores y tecnolog\u00edas de agricultura digital. Para el Gobierno de Brasil, el programa apunta a reducir costos operativos, elevar la productividad y fortalecer la competitividad del sector, en l\u00ednea con otras pol\u00edticas como la campa\u00f1a agr\u00edcola 2025-2026. Desde 2023, Brasil ha abierto 600 nuevos mercados internacionales para productos agr\u00edcolas, al ampliar destinos y reducir la vulnerabilidad a las fluctuaciones externas. En 2025, el sector agroindustrial registr\u00f3 exportaciones por 169.200 millones de d\u00f3lares, el valor m\u00e1s alto de la serie hist\u00f3rica, equivalente al 48,5 por ciento del total de las exportaciones brasile\u00f1as. Solamente en febrero de este a\u00f1o, el sector alcanz\u00f3 12.050 millones de d\u00f3lares, el mejor resultado registrado para ese mes. En t\u00e9rminos de producci\u00f3n, la cosecha nacional de granos alcanz\u00f3 346,1 millones de toneladas en 2025, un r\u00e9cord hist\u00f3rico, mientras que para el ciclo 2025-2026, la proyecci\u00f3n es de hasta 356,3 millones de toneladas, seg\u00fan estimaciones de la Compa\u00f1\u00eda Nacional de Abastecimiento (Conab). La \u00abAgrishow 2026\u00bb fue inaugurada este domingo y estar\u00e1 abierta al p\u00fablico a partir de ma\u00f1ana lunes hasta el 1 de mayo pr\u00f3ximo para reunir a m\u00e1s de 800 marcas y cerca de 200.000 visitantes de unos 50 pa\u00edses. Fin<\/p>\n","protected":false},"excerpt":{"rendered":"<p>SAO PAULO, 26 abr (Xinhua) &#8212; El Programa Move La Am\u00e9rica Brasil tendr\u00e1 una nueva&#8230;<\/p>\n","protected":false},"author":1,"featured_media":0,"comment_status":"closed","ping_status":"closed","sticky":false,"template":"","format":"standard","meta":{"footnotes":""},"categories":[2],"tags":[],"class_list":["post-49921","post","type-post","status-publish","format-standard","hentry","category-internacional"],"_links":{"self":[{"href":"https:\/\/informadorweb.com\/index.php?rest_route=\/wp\/v2\/posts\/49921","targetHints":{"allow":["GET"]}}],"collection":[{"href":"https:\/\/informadorweb.com\/index.php?rest_route=\/wp\/v2\/posts"}],"about":[{"href":"https:\/\/informadorweb.com\/index.php?rest_route=\/wp\/v2\/types\/post"}],"author":[{"embeddable":true,"href":"https:\/\/informadorweb.com\/index.php?rest_route=\/wp\/v2\/users\/1"}],"replies":[{"embeddable":true,"href":"https:\/\/informadorweb.com\/index.php?rest_route=%2Fwp%2Fv2%2Fcomments&post=49921"}],"version-history":[{"count":1,"href":"https:\/\/informadorweb.com\/index.php?rest_route=\/wp\/v2\/posts\/49921\/revisions"}],"predecessor-version":[{"id":49922,"href":"https:\/\/informadorweb.com\/index.php?rest_route=\/wp\/v2\/posts\/49921\/revisions\/49922"}],"wp:attachment":[{"href":"https:\/\/informadorweb.com\/index.php?rest_route=%2Fwp%2Fv2%2Fmedia&parent=49921"}],"wp:term":[{"taxonomy":"category","embeddable":true,"href":"https:\/\/informadorweb.com\/index.php?rest_route=%2Fwp%2Fv2%2Fcategories&post=49921"},{"taxonomy":"post_tag","embeddable":true,"href":"https:\/\/informadorweb.com\/index.php?rest_route=%2Fwp%2Fv2%2Ftags&post=49921"}],"curies":[{"name":"wp","href":"https:\/\/api.w.org\/{rel}","templated":true}]}}