{"id":49919,"date":"2026-04-27T08:17:09","date_gmt":"2026-04-27T14:17:09","guid":{"rendered":"https:\/\/informadorweb.com\/?p=49919"},"modified":"2026-04-27T14:17:10","modified_gmt":"2026-04-27T14:17:10","slug":"aumentan-a-20-muertos-por-atentado-con-explosivos-de-guerrilla-en-suroeste-de-colombia","status":"publish","type":"post","link":"https:\/\/informadorweb.com\/?p=49919","title":{"rendered":"Aumentan a 20 muertos por atentado con explosivos de guerrilla en suroeste de Colombia"},"content":{"rendered":"<p>BOGOT\u00c1, 26 abr (Xinhua) &#8212; Ascendi\u00f3 a 20 la cifra de muertos por el ataque con explosivos perpetrado el s\u00e1bado por disidencias de la extinta guerrilla de las Fuerzas Armadas Revolucionarias de Colombia (FARC) en el municipio de Cajib\u00edo, en el departamento colombiano de Cauca (suroeste), inform\u00f3 hoy domingo el gobernador Octavio Guzm\u00e1n. \u00abAl momento, el reporte registra 20 civiles fallecidos, 15 mujeres y cinco hombres, todos mayores de edad; 36 personas heridas, de las cuales tres permanecen en UCI (unidades de cuidados intensivos) y cinco menores de edad que se encuentran fuera de peligro\u00bb, detall\u00f3 el pol\u00edtico en redes sociales. Guzm\u00e1n anunci\u00f3 adem\u00e1s que decret\u00f3 tres d\u00edas de duelo en el departamento en memoria de los fallecidos en el ataque ocurrido en la v\u00eda Panamericana, el cual form\u00f3 parte de una serie de 26 atentados ocurrido entre el viernes y el s\u00e1bado, el m\u00e1s \u00abbrutal y despiadado\u00bb en contra de la poblaci\u00f3n civil en d\u00e9cadas en esta zona de Colombia. \u00abPero frente al terrorismo, respondemos con mayor presencia institucional y trabajo integral. Nos encontramos en Consejo de Gobierno definiendo medidas de seguridad, acompa\u00f1amiento, auxilios humanitarios, atenci\u00f3n psicosocial y apoyo integral a las v\u00edctimas de este hecho lamentable\u00bb, sostuvo. Indic\u00f3 que la explosi\u00f3n en la carretera que conecta a Popay\u00e1n con Cali gener\u00f3 un cr\u00e1ter de aproximadamente 200 metros c\u00fabicos que es intervenido para reabrir el paso en las pr\u00f3ximas horas. El gobernador de Cauca pidi\u00f3 a los habitantes del departamento uni\u00f3n frente a la adversidad, as\u00ed como dar a conocer a las autoridades cualquier hecho sospechoso que detecten con el fin de evitar un incidente similar. En tanto, el ministro de Defensa de Colombia, Pedro S\u00e1nchez, realiz\u00f3 un sobrevuelo en el sector de El T\u00fanel, en Cajib\u00edo, d\u00f3nde ocurri\u00f3 el atentado y difundi\u00f3 desde el aire un mensaje de solidaridad para los habitantes de la localidad. \u00abNo nos doblegamos, nos empe\u00f1amos en capturar a los responsables y en hacer todo lo necesario para que esto no vuelva a ocurrir\u00bb, expres\u00f3 el mando militar. Anunci\u00f3, adem\u00e1s, el aumento de elementos de seguridad en la regi\u00f3n con apoyo del Ej\u00e9rcito y la Polic\u00eda Nacional de Colombia para proteger a la poblaci\u00f3n civil, anticipar posibles ataques y capturar a los responsables. Los departamentos colombianos de Cauca y Valle del Cauca (suroeste) registraron el s\u00e1bado una escalada de ataques de la extinta guerrilla de las FARC con afectaciones de manera directa a la poblaci\u00f3n, v\u00edas de transporte e instalaciones militares. En Cajib\u00edo, en el sector de El T\u00fanel, sobre la v\u00eda Panamericana, fue detonado un artefacto explosivo cuando varios veh\u00edculos se encontraban detenidos con saldo preliminar de una decena de fallecidos y una veintena de heridos, en medio de problemas para el ingreso de equipos de rescate por las condiciones de seguridad. Fin<\/p>\n","protected":false},"excerpt":{"rendered":"<p>BOGOT\u00c1, 26 abr (Xinhua) &#8212; Ascendi\u00f3 a 20 la cifra de muertos por el ataque&#8230;<\/p>\n","protected":false},"author":1,"featured_media":0,"comment_status":"closed","ping_status":"closed","sticky":false,"template":"","format":"standard","meta":{"footnotes":""},"categories":[2],"tags":[],"class_list":["post-49919","post","type-post","status-publish","format-standard","hentry","category-internacional"],"_links":{"self":[{"href":"https:\/\/informadorweb.com\/index.php?rest_route=\/wp\/v2\/posts\/49919","targetHints":{"allow":["GET"]}}],"collection":[{"href":"https:\/\/informadorweb.com\/index.php?rest_route=\/wp\/v2\/posts"}],"about":[{"href":"https:\/\/informadorweb.com\/index.php?rest_route=\/wp\/v2\/types\/post"}],"author":[{"embeddable":true,"href":"https:\/\/informadorweb.com\/index.php?rest_route=\/wp\/v2\/users\/1"}],"replies":[{"embeddable":true,"href":"https:\/\/informadorweb.com\/index.php?rest_route=%2Fwp%2Fv2%2Fcomments&post=49919"}],"version-history":[{"count":1,"href":"https:\/\/informadorweb.com\/index.php?rest_route=\/wp\/v2\/posts\/49919\/revisions"}],"predecessor-version":[{"id":49920,"href":"https:\/\/informadorweb.com\/index.php?rest_route=\/wp\/v2\/posts\/49919\/revisions\/49920"}],"wp:attachment":[{"href":"https:\/\/informadorweb.com\/index.php?rest_route=%2Fwp%2Fv2%2Fmedia&parent=49919"}],"wp:term":[{"taxonomy":"category","embeddable":true,"href":"https:\/\/informadorweb.com\/index.php?rest_route=%2Fwp%2Fv2%2Fcategories&post=49919"},{"taxonomy":"post_tag","embeddable":true,"href":"https:\/\/informadorweb.com\/index.php?rest_route=%2Fwp%2Fv2%2Ftags&post=49919"}],"curies":[{"name":"wp","href":"https:\/\/api.w.org\/{rel}","templated":true}]}}