{"id":49911,"date":"2026-04-27T08:15:44","date_gmt":"2026-04-27T14:15:44","guid":{"rendered":"https:\/\/informadorweb.com\/?p=49911"},"modified":"2026-04-27T14:15:45","modified_gmt":"2026-04-27T14:15:45","slug":"prestigioso-festival-cinematografico-en-mexico-concluye-con-efusiva-premiacion","status":"publish","type":"post","link":"https:\/\/informadorweb.com\/?p=49911","title":{"rendered":"Prestigioso festival cinematogr\u00e1fico en M\u00e9xico concluye con efusiva premiaci\u00f3n"},"content":{"rendered":"<p>GUADALAJARA, M\u00e9xico 26 abr (Xinhua) &#8212; El prestigioso Festival Internacional de Cine de Guadalajara (FICG), en el occidental estado mexicano de Jalisco, concluy\u00f3 los trabajos de su edici\u00f3n n\u00famero 41 con una efusiva premiaci\u00f3n en la que destac\u00f3 la importancia de las redes de colaboraci\u00f3n entre pa\u00edses iberoamericanos. La alfombra roja vio desfilar a representantes de la pantalla grande como Lola Due\u00f1as, Dami\u00e1n Alcazar, Cristo Fern\u00e1ndez, Samuel Kishi, Fernando Cuautle y Eugenio Caballero, as\u00ed como a integrantes del jurado y equipos detr\u00e1s de las pel\u00edculas en competencia. En la sala Pl\u00e1cido Domingo del Conjunto Santander de Artes Esc\u00e9nicas, el anfitri\u00f3n, actor y cantautor mexicano, Andr\u00e9s Zuno, resalt\u00f3 la importancia de la presencia de Chile, pa\u00eds invitado de honor en esta edici\u00f3n, durante la clausura del evento realizada la noche del s\u00e1bado. Por su parte, la directora general del FICG, Estrella Araiza, calific\u00f3 el evento como \u00abmuy exitoso\u00bb, con instantes memorables como la entrega del Homenaje Industria FICG a Elena Vilardell, secretaria t\u00e9cnica y ejecutiva de Ibermedia. \u00abMi primera impresi\u00f3n es que fue muy exitoso (&#8230;) que pudimos tener estrenos muy relevantes, que van a seguir siendo relevantes en el a\u00f1o calendario, y eso me da much\u00edsimo orgullo y estoy contenta al respecto\u00bb, explic\u00f3 Araiza a Xinhua. En tanto, el presidente del patronato del FICG, Guillermo G\u00f3mez, coincidi\u00f3 en el \u00e9xito del evento, el cual tuvo salas llenas desde su inicio, el pasado 17 de abril, con la participaci\u00f3n de integrantes de la industria de Iberoam\u00e9rica y de otras latitudes. El experto dijo que recibi\u00f3 m\u00faltiples comentarios positivos de manera directa, sobre todo de la asistencia juvenil que acud\u00eda por primera vez al festival y sobre la relevancia global del encuentro. \u00abSin duda es el festival importante en todo lo que tiene que ver con el cine iberoamericano y eso nos significa mucho\u00bb, indic\u00f3. La homenajeada, Vilardell, quien recibi\u00f3 su reconocimiento por la labor en la construcci\u00f3n de redes de colaboraci\u00f3n entre pa\u00edses iberoamericanos, destac\u00f3 que lleva 28 a\u00f1os al frente de su encomienda, con sus inicios entre La Habana (Cuba) y Guadalajara. En tanto, el cineasta estadounidense, Darren Aronofsky, quien recibi\u00f3 el Homenaje Internacional, refiri\u00f3 que el FICG es un recordatorio de lo importante que es contar historias. \u00abEstar en este festival de cine, con todos estos narradores de historias, todas las historias y el p\u00fablico que las recibe es para m\u00ed, un recordatorio constante de lo importante que es seguir creando\u00bb, dijo el director de filmes como \u00abThe Wrestler\u00bb (2008), \u00abBlack Swan\u00bb (2010) y \u00abRequiem for a Dream\u00bb (2000). En la velada, recibi\u00f3 reconocimientos la pel\u00edcula chilena \u00abAqu\u00ed se escucha el silencio\u00bb, en tanto que la mexicana \u00abQuerida F\u00e1tima\u00bb se posicion\u00f3 como la obra m\u00e1s reconocida del certamen, con premios a la mejor pel\u00edcula mexicana, mejor direcci\u00f3n y Premio del P\u00fablico dentro del Premio Mezcal. Fin<\/p>\n","protected":false},"excerpt":{"rendered":"<p>GUADALAJARA, M\u00e9xico 26 abr (Xinhua) &#8212; El prestigioso Festival Internacional de Cine de Guadalajara (FICG),&#8230;<\/p>\n","protected":false},"author":1,"featured_media":0,"comment_status":"closed","ping_status":"closed","sticky":false,"template":"","format":"standard","meta":{"footnotes":""},"categories":[2],"tags":[],"class_list":["post-49911","post","type-post","status-publish","format-standard","hentry","category-internacional"],"_links":{"self":[{"href":"https:\/\/informadorweb.com\/index.php?rest_route=\/wp\/v2\/posts\/49911","targetHints":{"allow":["GET"]}}],"collection":[{"href":"https:\/\/informadorweb.com\/index.php?rest_route=\/wp\/v2\/posts"}],"about":[{"href":"https:\/\/informadorweb.com\/index.php?rest_route=\/wp\/v2\/types\/post"}],"author":[{"embeddable":true,"href":"https:\/\/informadorweb.com\/index.php?rest_route=\/wp\/v2\/users\/1"}],"replies":[{"embeddable":true,"href":"https:\/\/informadorweb.com\/index.php?rest_route=%2Fwp%2Fv2%2Fcomments&post=49911"}],"version-history":[{"count":1,"href":"https:\/\/informadorweb.com\/index.php?rest_route=\/wp\/v2\/posts\/49911\/revisions"}],"predecessor-version":[{"id":49912,"href":"https:\/\/informadorweb.com\/index.php?rest_route=\/wp\/v2\/posts\/49911\/revisions\/49912"}],"wp:attachment":[{"href":"https:\/\/informadorweb.com\/index.php?rest_route=%2Fwp%2Fv2%2Fmedia&parent=49911"}],"wp:term":[{"taxonomy":"category","embeddable":true,"href":"https:\/\/informadorweb.com\/index.php?rest_route=%2Fwp%2Fv2%2Fcategories&post=49911"},{"taxonomy":"post_tag","embeddable":true,"href":"https:\/\/informadorweb.com\/index.php?rest_route=%2Fwp%2Fv2%2Ftags&post=49911"}],"curies":[{"name":"wp","href":"https:\/\/api.w.org\/{rel}","templated":true}]}}