{"id":49905,"date":"2026-04-27T08:14:18","date_gmt":"2026-04-27T14:14:18","guid":{"rendered":"https:\/\/informadorweb.com\/?p=49905"},"modified":"2026-04-27T14:14:19","modified_gmt":"2026-04-27T14:14:19","slug":"dos-ex-primeros-ministros-de-israel-unen-fuerzas-para-desafiar-a-netanyahu-en-elecciones","status":"publish","type":"post","link":"https:\/\/informadorweb.com\/?p=49905","title":{"rendered":"Dos ex primeros ministros de Israel unen fuerzas para desafiar a Netanyahu en elecciones"},"content":{"rendered":"<p>JERUSAL\u00c9N, 26 abr (Xinhua) &#8212; El l\u00edder de la oposici\u00f3n israel\u00ed, Yair Lapid, y el ex primer ministro Naftali Bennett anunciaron hoy domingo que contender\u00e1n juntos en las elecciones de este a\u00f1o, con el objetivo de desbancar al actual primer ministro, Benjamin Netanyahu. Lapid, l\u00edder del partido centrista Yesh Atid, dijo en un comunicado que la medida pretende \u00abunir al bloque, poner un fin a las divisiones internas y enfocar todos los esfuerzos en ganar las pr\u00f3ximas elecciones cruciales\u00bb. Lapid y Benett, un personaje derechista que apoya los asentamientos en Cisjordania, fungieron como primeros ministros en un esquema de rotaci\u00f3n dentro de un Gobierno de coalici\u00f3n de junio del 2021 a diciembre de 2022. Dicha coalici\u00f3n puso fin a los 12 a\u00f1os consecutivos de Gobierno de Netanyahu y represent\u00f3 la primera ocasi\u00f3n que un partido \u00e1rabe independiente se uni\u00f3 formalmente a una coalici\u00f3n israel\u00ed. Netanyahu regres\u00f3 al cargo en diciembre de 2022 despu\u00e9s de elecciones anticipadas, y encabez\u00f3 lo que los cr\u00edticos llaman el Gobierno m\u00e1s ultraderechista en la historia de Israel, compuesto por partidos de extrema derecha y ultraortodoxos. Desde entonces, Lapid se ha desempe\u00f1ado como el l\u00edder de la oposici\u00f3n, mientras que Bennett se tom\u00f3 un descanso de la pol\u00edtica. Fin<\/p>\n","protected":false},"excerpt":{"rendered":"<p>JERUSAL\u00c9N, 26 abr (Xinhua) &#8212; El l\u00edder de la oposici\u00f3n israel\u00ed, Yair Lapid, y el&#8230;<\/p>\n","protected":false},"author":1,"featured_media":0,"comment_status":"closed","ping_status":"closed","sticky":false,"template":"","format":"standard","meta":{"footnotes":""},"categories":[2],"tags":[],"class_list":["post-49905","post","type-post","status-publish","format-standard","hentry","category-internacional"],"_links":{"self":[{"href":"https:\/\/informadorweb.com\/index.php?rest_route=\/wp\/v2\/posts\/49905","targetHints":{"allow":["GET"]}}],"collection":[{"href":"https:\/\/informadorweb.com\/index.php?rest_route=\/wp\/v2\/posts"}],"about":[{"href":"https:\/\/informadorweb.com\/index.php?rest_route=\/wp\/v2\/types\/post"}],"author":[{"embeddable":true,"href":"https:\/\/informadorweb.com\/index.php?rest_route=\/wp\/v2\/users\/1"}],"replies":[{"embeddable":true,"href":"https:\/\/informadorweb.com\/index.php?rest_route=%2Fwp%2Fv2%2Fcomments&post=49905"}],"version-history":[{"count":1,"href":"https:\/\/informadorweb.com\/index.php?rest_route=\/wp\/v2\/posts\/49905\/revisions"}],"predecessor-version":[{"id":49906,"href":"https:\/\/informadorweb.com\/index.php?rest_route=\/wp\/v2\/posts\/49905\/revisions\/49906"}],"wp:attachment":[{"href":"https:\/\/informadorweb.com\/index.php?rest_route=%2Fwp%2Fv2%2Fmedia&parent=49905"}],"wp:term":[{"taxonomy":"category","embeddable":true,"href":"https:\/\/informadorweb.com\/index.php?rest_route=%2Fwp%2Fv2%2Fcategories&post=49905"},{"taxonomy":"post_tag","embeddable":true,"href":"https:\/\/informadorweb.com\/index.php?rest_route=%2Fwp%2Fv2%2Ftags&post=49905"}],"curies":[{"name":"wp","href":"https:\/\/api.w.org\/{rel}","templated":true}]}}