{"id":49893,"date":"2026-04-27T08:12:12","date_gmt":"2026-04-27T14:12:12","guid":{"rendered":"https:\/\/informadorweb.com\/?p=49893"},"modified":"2026-04-27T14:12:13","modified_gmt":"2026-04-27T14:12:13","slug":"ampliacion-libano-reporta-mas-de-2-500-muertos-por-ataques-israelies-desde-marzo","status":"publish","type":"post","link":"https:\/\/informadorweb.com\/?p=49893","title":{"rendered":"Ampliaci\u00f3n: L\u00edbano reporta m\u00e1s de 2.500 muertos por ataques israel\u00edes desde marzo"},"content":{"rendered":"<p>BEIRUT\/JERUSAL\u00c9N, 26 abr (Xinhua) &#8212; La cifra total de personas muertas por los ataques de Israel contra L\u00edbano desde principios de marzo se increment\u00f3 a 2.509, report\u00f3 hoy domingo el Ministerio de Salud P\u00fablica liban\u00e9s. El ministerio a\u00f1adi\u00f3 que por lo menos 7.755 personas han resultado heridas desde el 2 de marzo, mientras el conflicto sigue afectando gravemente al pa\u00eds a pesar del acuerdo de cese al fuego mediado por Estados Unidos. Mientras tanto, Hizbul\u00e1 afirm\u00f3 hoy que sus ataques son una respuesta leg\u00edtima a las repetidas violaciones del cese al fuego por parte de Israel, y advirti\u00f3 que la continuaci\u00f3n de los ataques o la ocupaci\u00f3n de territorio liban\u00e9s ser\u00e1n enfrentados con resistencia. \u00abLa continuaci\u00f3n de las violaciones al cese al fuego, de los ataques, de la destrucci\u00f3n de hogares, de los ataques a civiles o el mantenimiento de la ocupaci\u00f3n del territorio liban\u00e9s ser\u00e1n enfrentadas con reacciones y resistencia\u00bb, advirti\u00f3 el grupo en un comunicado. Horas antes, el primer ministro de Israel, Benjamin Netanyahu, acus\u00f3 a Hizbul\u00e1 de socavar el cese al fuego, y expres\u00f3 que Israel tiene \u00ablibertad de acci\u00f3n no solo para responder a los ataques, sino para frustrar amenazas inmediatas, as\u00ed como para contrarrestar amenazas emergentes\u00bb, con base en las \u00abreglas que acordamos con Estados Unidos y con L\u00edbano\u00bb. Hizbul\u00e1 rechaz\u00f3 estas declaraciones al afirmar que L\u00edbano no es parte de ning\u00fan acuerdo de ese tipo y que tampoco lo aprob\u00f3 ni aval\u00f3. Hizbul\u00e1 tambi\u00e9n afirm\u00f3 que la extensi\u00f3n de la tregua ten\u00eda el prop\u00f3sito de asegurar un aut\u00e9ntico cese al fuego y una retirada israel\u00ed del territorio liban\u00e9s ocupado, pero que en su lugar, Israel ha escalado sus acciones militares. Los acontecimientos se registraron en medio de un cese al fuego entre Israel y L\u00edbano, que entr\u00f3 en vigor la medianoche entre el 16 y el 17 de abril, despu\u00e9s de semanas de intensos combates transfronterizos en medio de la guerra de Estados Unidos e Israel contra Ir\u00e1n. El presidente de Estados Unidos, Donald Trump, anunci\u00f3 el jueves que el actual cese al fuego de 10 d\u00edas entre Israel y L\u00edbano se extender\u00eda tres semanas. Fin<\/p>\n","protected":false},"excerpt":{"rendered":"<p>BEIRUT\/JERUSAL\u00c9N, 26 abr (Xinhua) &#8212; La cifra total de personas muertas por los ataques de&#8230;<\/p>\n","protected":false},"author":1,"featured_media":0,"comment_status":"closed","ping_status":"closed","sticky":false,"template":"","format":"standard","meta":{"footnotes":""},"categories":[2],"tags":[],"class_list":["post-49893","post","type-post","status-publish","format-standard","hentry","category-internacional"],"_links":{"self":[{"href":"https:\/\/informadorweb.com\/index.php?rest_route=\/wp\/v2\/posts\/49893","targetHints":{"allow":["GET"]}}],"collection":[{"href":"https:\/\/informadorweb.com\/index.php?rest_route=\/wp\/v2\/posts"}],"about":[{"href":"https:\/\/informadorweb.com\/index.php?rest_route=\/wp\/v2\/types\/post"}],"author":[{"embeddable":true,"href":"https:\/\/informadorweb.com\/index.php?rest_route=\/wp\/v2\/users\/1"}],"replies":[{"embeddable":true,"href":"https:\/\/informadorweb.com\/index.php?rest_route=%2Fwp%2Fv2%2Fcomments&post=49893"}],"version-history":[{"count":1,"href":"https:\/\/informadorweb.com\/index.php?rest_route=\/wp\/v2\/posts\/49893\/revisions"}],"predecessor-version":[{"id":49894,"href":"https:\/\/informadorweb.com\/index.php?rest_route=\/wp\/v2\/posts\/49893\/revisions\/49894"}],"wp:attachment":[{"href":"https:\/\/informadorweb.com\/index.php?rest_route=%2Fwp%2Fv2%2Fmedia&parent=49893"}],"wp:term":[{"taxonomy":"category","embeddable":true,"href":"https:\/\/informadorweb.com\/index.php?rest_route=%2Fwp%2Fv2%2Fcategories&post=49893"},{"taxonomy":"post_tag","embeddable":true,"href":"https:\/\/informadorweb.com\/index.php?rest_route=%2Fwp%2Fv2%2Ftags&post=49893"}],"curies":[{"name":"wp","href":"https:\/\/api.w.org\/{rel}","templated":true}]}}