{"id":49887,"date":"2026-04-27T08:11:13","date_gmt":"2026-04-27T14:11:13","guid":{"rendered":"https:\/\/informadorweb.com\/?p=49887"},"modified":"2026-04-27T14:11:14","modified_gmt":"2026-04-27T14:11:14","slug":"canciller-de-iran-regresa-a-pakistan-tras-visita-a-oman","status":"publish","type":"post","link":"https:\/\/informadorweb.com\/?p=49887","title":{"rendered":"Canciller de Ir\u00e1n regresa a Pakist\u00e1n tras visita a Om\u00e1n"},"content":{"rendered":"<p>ISLAMABAD, 26 abr (Xinhua) &#8212; El ministro de Relaciones Exteriores de Ir\u00e1n, Seyed Abbas Araghchi, aterriz\u00f3 este domingo por la noche en la base a\u00e9rea de Nur Khan, cerca de la capital paquistan\u00ed de Islamabad. Fuentes paquistan\u00edes dijeron a Xinhua que Araghchi conversar\u00e1 con altos funcionarios de Pakist\u00e1n horas m\u00e1s tarde. El canciller iran\u00ed partir\u00e1 hacia Mosc\u00fa luego de permanecer unas horas en Islamabad, agregaron las fuentes. Araghchi previamente visit\u00f3 Pakist\u00e1n de viernes a s\u00e1bado y parti\u00f3 de Islamabad el s\u00e1bado para una breve visita a Om\u00e1n. Fin<\/p>\n","protected":false},"excerpt":{"rendered":"<p>ISLAMABAD, 26 abr (Xinhua) &#8212; El ministro de Relaciones Exteriores de Ir\u00e1n, Seyed Abbas Araghchi,&#8230;<\/p>\n","protected":false},"author":1,"featured_media":0,"comment_status":"closed","ping_status":"closed","sticky":false,"template":"","format":"standard","meta":{"footnotes":""},"categories":[2],"tags":[],"class_list":["post-49887","post","type-post","status-publish","format-standard","hentry","category-internacional"],"_links":{"self":[{"href":"https:\/\/informadorweb.com\/index.php?rest_route=\/wp\/v2\/posts\/49887","targetHints":{"allow":["GET"]}}],"collection":[{"href":"https:\/\/informadorweb.com\/index.php?rest_route=\/wp\/v2\/posts"}],"about":[{"href":"https:\/\/informadorweb.com\/index.php?rest_route=\/wp\/v2\/types\/post"}],"author":[{"embeddable":true,"href":"https:\/\/informadorweb.com\/index.php?rest_route=\/wp\/v2\/users\/1"}],"replies":[{"embeddable":true,"href":"https:\/\/informadorweb.com\/index.php?rest_route=%2Fwp%2Fv2%2Fcomments&post=49887"}],"version-history":[{"count":1,"href":"https:\/\/informadorweb.com\/index.php?rest_route=\/wp\/v2\/posts\/49887\/revisions"}],"predecessor-version":[{"id":49888,"href":"https:\/\/informadorweb.com\/index.php?rest_route=\/wp\/v2\/posts\/49887\/revisions\/49888"}],"wp:attachment":[{"href":"https:\/\/informadorweb.com\/index.php?rest_route=%2Fwp%2Fv2%2Fmedia&parent=49887"}],"wp:term":[{"taxonomy":"category","embeddable":true,"href":"https:\/\/informadorweb.com\/index.php?rest_route=%2Fwp%2Fv2%2Fcategories&post=49887"},{"taxonomy":"post_tag","embeddable":true,"href":"https:\/\/informadorweb.com\/index.php?rest_route=%2Fwp%2Fv2%2Ftags&post=49887"}],"curies":[{"name":"wp","href":"https:\/\/api.w.org\/{rel}","templated":true}]}}