{"id":49877,"date":"2026-04-27T08:09:28","date_gmt":"2026-04-27T14:09:28","guid":{"rendered":"https:\/\/informadorweb.com\/?p=49877"},"modified":"2026-04-27T14:09:29","modified_gmt":"2026-04-27T14:09:29","slug":"ampliacion-canciller-irani-realiza-segunda-visita-a-pakistan-en-un-dia-tras-viaje-a-oman","status":"publish","type":"post","link":"https:\/\/informadorweb.com\/?p=49877","title":{"rendered":"Ampliaci\u00f3n: Canciller iran\u00ed realiza segunda visita a Pakist\u00e1n en un d\u00eda tras viaje a Om\u00e1n"},"content":{"rendered":"<p>TEHER\u00c1N\/MASCATE, 26 abr (Xinhua) &#8212; El ministro de Relaciones Exteriores de Ir\u00e1n, Seyed Abbas Araghchi, lleg\u00f3 a Islamabad hoy domingo para una segunda visita en cerca de 24 horas, tras regresar de una breve visita a Om\u00e1n como parte de la intensificaci\u00f3n de la actividad diplom\u00e1tica acerca de la fr\u00e1gil tregua en la regi\u00f3n, inform\u00f3 la agencia iran\u00ed de noticias Mehr. Araghchi se reuni\u00f3 con el sult\u00e1n Haitham bin Tariq Al Said en Om\u00e1n, donde dijo que la guerra de 40 d\u00edas con Estados Unidos e Israel demostr\u00f3 que la presencia militar estadounidense en Medio Oriente aviva la inestabilidad, adem\u00e1s, pidi\u00f3 a los Estados regionales construir acuerdos en seguridad colectiva que excluyan a Washington, indic\u00f3 el Ministerio de Relaciones Exteriores iran\u00ed. El sult\u00e1n reafirm\u00f3 el compromiso de Om\u00e1n con la paz regional y expres\u00f3 la esperanza de un final r\u00e1pido y duradero de las hostilidades, agreg\u00f3 la canciller\u00eda oman\u00ed. Om\u00e1n hab\u00eda sido el principal mediador entre Teher\u00e1n y Washington cuando, el 28 de febrero, Israel y Estados Unidos lanzaron ataques conjuntos contra Teher\u00e1n y otras ciudades iran\u00edes, a pesar de las expectativas de otra ronda de conversaciones. Los ataques causaron la muerte del entonces l\u00edder supremo de Ir\u00e1n, Ali Jamenei, junto con altos mandos militares, de acuerdo con autoridades iran\u00edes. Ir\u00e1n respondi\u00f3 con oleadas de ataques con misiles y drones contra intereses de Israel y de Estados Unidos en toda la regi\u00f3n. Un alto al fuego entr\u00f3 en vigor el 8 de abril. Las conversaciones de paz celebradas en Islamabad el 11 y 12 de abril concluyeron sin producir un acuerdo. Araghchi se reuni\u00f3 con el primer ministro de Pakist\u00e1n, Shehbaz Sharif, en Islamabad el s\u00e1bado, cuando sus conversaciones se centraron en las perspectivas de las negociaciones entre Ir\u00e1n y Estados Unidos, antes de partir a Mascate. El canciller regres\u00f3 a la capital paquistan\u00ed la tarde del s\u00e1bado. Fin<\/p>\n","protected":false},"excerpt":{"rendered":"<p>TEHER\u00c1N\/MASCATE, 26 abr (Xinhua) &#8212; El ministro de Relaciones Exteriores de Ir\u00e1n, Seyed Abbas Araghchi,&#8230;<\/p>\n","protected":false},"author":1,"featured_media":0,"comment_status":"closed","ping_status":"closed","sticky":false,"template":"","format":"standard","meta":{"footnotes":""},"categories":[2],"tags":[],"class_list":["post-49877","post","type-post","status-publish","format-standard","hentry","category-internacional"],"_links":{"self":[{"href":"https:\/\/informadorweb.com\/index.php?rest_route=\/wp\/v2\/posts\/49877","targetHints":{"allow":["GET"]}}],"collection":[{"href":"https:\/\/informadorweb.com\/index.php?rest_route=\/wp\/v2\/posts"}],"about":[{"href":"https:\/\/informadorweb.com\/index.php?rest_route=\/wp\/v2\/types\/post"}],"author":[{"embeddable":true,"href":"https:\/\/informadorweb.com\/index.php?rest_route=\/wp\/v2\/users\/1"}],"replies":[{"embeddable":true,"href":"https:\/\/informadorweb.com\/index.php?rest_route=%2Fwp%2Fv2%2Fcomments&post=49877"}],"version-history":[{"count":1,"href":"https:\/\/informadorweb.com\/index.php?rest_route=\/wp\/v2\/posts\/49877\/revisions"}],"predecessor-version":[{"id":49878,"href":"https:\/\/informadorweb.com\/index.php?rest_route=\/wp\/v2\/posts\/49877\/revisions\/49878"}],"wp:attachment":[{"href":"https:\/\/informadorweb.com\/index.php?rest_route=%2Fwp%2Fv2%2Fmedia&parent=49877"}],"wp:term":[{"taxonomy":"category","embeddable":true,"href":"https:\/\/informadorweb.com\/index.php?rest_route=%2Fwp%2Fv2%2Fcategories&post=49877"},{"taxonomy":"post_tag","embeddable":true,"href":"https:\/\/informadorweb.com\/index.php?rest_route=%2Fwp%2Fv2%2Ftags&post=49877"}],"curies":[{"name":"wp","href":"https:\/\/api.w.org\/{rel}","templated":true}]}}