{"id":49875,"date":"2026-04-27T08:09:04","date_gmt":"2026-04-27T14:09:04","guid":{"rendered":"https:\/\/informadorweb.com\/?p=49875"},"modified":"2026-04-27T14:09:05","modified_gmt":"2026-04-27T14:09:05","slug":"iran-afirma-que-civiles-representan-45-de-victimas-mortales-en-40-dias-de-guerra-con-ee-uu-e-israel","status":"publish","type":"post","link":"https:\/\/informadorweb.com\/?p=49875","title":{"rendered":"Ir\u00e1n afirma que civiles representan 45 % de v\u00edctimas mortales en 40 d\u00edas de guerra con EE. UU. e Israel"},"content":{"rendered":"<div class=\"el-scrollbar__wrap\">\n<div class=\"el-scrollbar__view\">\n<div class=\"news-content\" data-v-e79c3ee4=\"\">TEHER\u00c1N, 26 abr (Xinhua) &#8212; Medios estatales iran\u00edes informaron hoy domingo que los civiles representan alrededor del 45 por ciento de los fallecidos durante la guerra con Estados Unidos e Israel, iniciada a finales de febrero. La agencia de noticias IRNA, citando a funcionarios iran\u00edes, report\u00f3 que el n\u00famero total de muertos asciende a 3.468, incluidos 1.460 civiles. Jamshid Nazmi, asesor principal del jefe de la Fundaci\u00f3n de M\u00e1rtires y Asuntos de los Veteranos de Ir\u00e1n, proporcion\u00f3 las cifras en una conferencia de prensa en Teher\u00e1n, seg\u00fan IRNA. Se\u00f1al\u00f3 que entre los civiles fallecidos se encuentran mujeres, hombres, ni\u00f1os y personas mayores, e indic\u00f3 que tambi\u00e9n hay ciudadanos del L\u00edbano, Palestina, Irak y Pakist\u00e1n entre las v\u00edctimas mortales. En la misma rueda de prensa, Farideh Oladqobad, subdirectora de la fundaci\u00f3n, precis\u00f3 que 499 de las personas muertas son mujeres y 2.969 hombres. Tambi\u00e9n afirm\u00f3 que el n\u00famero de militares fallecidos es de 2.008. El informe no proporciona detalles sobre c\u00f3mo se verificaron o confirmaron independientemente esas cifras. Las autoridades iran\u00edes afirmaron que la guerra comenz\u00f3 el 28 de febrero \u00faltimo, cuando Estados Unidos e Israel lanzaron ataques conjuntos contra Teher\u00e1n y otras ciudades iran\u00edes. La rep\u00fablica isl\u00e1mica respondi\u00f3 con oleadas de ataques con misiles y drones contra Israel, as\u00ed como bases y objetivos militares estadounidenses en Medio Oriente. El 8 de abril se alcanz\u00f3 un alto el fuego entre Teher\u00e1n y Washington, y se celebraron las conversaciones de seguimiento en Pakist\u00e1n los d\u00edas 11 y 12 del mismo mes, aunque concluyeron sin acuerdo. Fin<\/div>\n<\/div>\n<\/div>\n<div class=\"el-scrollbar__bar is-horizontal\"><\/div>\n","protected":false},"excerpt":{"rendered":"<p>TEHER\u00c1N, 26 abr (Xinhua) &#8212; Medios estatales iran\u00edes informaron hoy domingo que los civiles representan&#8230;<\/p>\n","protected":false},"author":1,"featured_media":0,"comment_status":"closed","ping_status":"closed","sticky":false,"template":"","format":"standard","meta":{"footnotes":""},"categories":[2],"tags":[],"class_list":["post-49875","post","type-post","status-publish","format-standard","hentry","category-internacional"],"_links":{"self":[{"href":"https:\/\/informadorweb.com\/index.php?rest_route=\/wp\/v2\/posts\/49875","targetHints":{"allow":["GET"]}}],"collection":[{"href":"https:\/\/informadorweb.com\/index.php?rest_route=\/wp\/v2\/posts"}],"about":[{"href":"https:\/\/informadorweb.com\/index.php?rest_route=\/wp\/v2\/types\/post"}],"author":[{"embeddable":true,"href":"https:\/\/informadorweb.com\/index.php?rest_route=\/wp\/v2\/users\/1"}],"replies":[{"embeddable":true,"href":"https:\/\/informadorweb.com\/index.php?rest_route=%2Fwp%2Fv2%2Fcomments&post=49875"}],"version-history":[{"count":1,"href":"https:\/\/informadorweb.com\/index.php?rest_route=\/wp\/v2\/posts\/49875\/revisions"}],"predecessor-version":[{"id":49876,"href":"https:\/\/informadorweb.com\/index.php?rest_route=\/wp\/v2\/posts\/49875\/revisions\/49876"}],"wp:attachment":[{"href":"https:\/\/informadorweb.com\/index.php?rest_route=%2Fwp%2Fv2%2Fmedia&parent=49875"}],"wp:term":[{"taxonomy":"category","embeddable":true,"href":"https:\/\/informadorweb.com\/index.php?rest_route=%2Fwp%2Fv2%2Fcategories&post=49875"},{"taxonomy":"post_tag","embeddable":true,"href":"https:\/\/informadorweb.com\/index.php?rest_route=%2Fwp%2Fv2%2Ftags&post=49875"}],"curies":[{"name":"wp","href":"https:\/\/api.w.org\/{rel}","templated":true}]}}