{"id":49849,"date":"2026-04-27T08:04:28","date_gmt":"2026-04-27T14:04:28","guid":{"rendered":"https:\/\/informadorweb.com\/?p=49849"},"modified":"2026-04-27T14:04:29","modified_gmt":"2026-04-27T14:04:29","slug":"secretario-general-de-onu-profundamente-preocupado-por-ataques-en-mali-segun-portavoz","status":"publish","type":"post","link":"https:\/\/informadorweb.com\/?p=49849","title":{"rendered":"Secretario general de ONU profundamente preocupado por ataques en Mali, seg\u00fan portavoz"},"content":{"rendered":"<p>NACIONES UNIDAS, 25 abr (Xinhua) &#8212; El secretario general de la ONU, Ant\u00f3nio Guterres, expres\u00f3 su profunda preocupaci\u00f3n por los informes de ataques en todo Mali y conden\u00f3 en\u00e9rgicamente los actos de violencia, dijo el s\u00e1bado su portavoz St\u00e9phane Dujarric. El jefe de la ONU se solidariz\u00f3 con el pueblo maliense y subray\u00f3 la necesidad de proteger la poblaci\u00f3n y la infraestructura civiles, se\u00f1al\u00f3 Dujarric en un comunicado. \u00abEl secretario general pide un apoyo internacional coordinado para hacer frente a la creciente amenaza del extremismo violento y el terrorismo en el Sahel y para satisfacer las necesidades humanitarias urgentes. Reitera su llamado a una s\u00f3lida coordinaci\u00f3n y colaboraci\u00f3n en materia de seguridad en toda la regi\u00f3n\u00bb, reza el texto. El Gobierno de transici\u00f3n de Mali inform\u00f3 la tarde del s\u00e1bado que grupos terroristas armados lanzaron ataques coordinados con anterioridad ese d\u00eda contra varias ciudades del pa\u00eds, dejando 16 heridos. Los ataques fueron controlados por las fuerzas de defensa y seguridad de Mali, con varios terroristas abatidos y sus planes frustrados, a\u00f1adi\u00f3. Fin<\/p>\n","protected":false},"excerpt":{"rendered":"<p>NACIONES UNIDAS, 25 abr (Xinhua) &#8212; El secretario general de la ONU, Ant\u00f3nio Guterres, expres\u00f3&#8230;<\/p>\n","protected":false},"author":1,"featured_media":0,"comment_status":"closed","ping_status":"closed","sticky":false,"template":"","format":"standard","meta":{"footnotes":""},"categories":[2],"tags":[],"class_list":["post-49849","post","type-post","status-publish","format-standard","hentry","category-internacional"],"_links":{"self":[{"href":"https:\/\/informadorweb.com\/index.php?rest_route=\/wp\/v2\/posts\/49849","targetHints":{"allow":["GET"]}}],"collection":[{"href":"https:\/\/informadorweb.com\/index.php?rest_route=\/wp\/v2\/posts"}],"about":[{"href":"https:\/\/informadorweb.com\/index.php?rest_route=\/wp\/v2\/types\/post"}],"author":[{"embeddable":true,"href":"https:\/\/informadorweb.com\/index.php?rest_route=\/wp\/v2\/users\/1"}],"replies":[{"embeddable":true,"href":"https:\/\/informadorweb.com\/index.php?rest_route=%2Fwp%2Fv2%2Fcomments&post=49849"}],"version-history":[{"count":1,"href":"https:\/\/informadorweb.com\/index.php?rest_route=\/wp\/v2\/posts\/49849\/revisions"}],"predecessor-version":[{"id":49850,"href":"https:\/\/informadorweb.com\/index.php?rest_route=\/wp\/v2\/posts\/49849\/revisions\/49850"}],"wp:attachment":[{"href":"https:\/\/informadorweb.com\/index.php?rest_route=%2Fwp%2Fv2%2Fmedia&parent=49849"}],"wp:term":[{"taxonomy":"category","embeddable":true,"href":"https:\/\/informadorweb.com\/index.php?rest_route=%2Fwp%2Fv2%2Fcategories&post=49849"},{"taxonomy":"post_tag","embeddable":true,"href":"https:\/\/informadorweb.com\/index.php?rest_route=%2Fwp%2Fv2%2Ftags&post=49849"}],"curies":[{"name":"wp","href":"https:\/\/api.w.org\/{rel}","templated":true}]}}