{"id":49606,"date":"2026-04-26T13:51:55","date_gmt":"2026-04-26T19:51:55","guid":{"rendered":"https:\/\/informadorweb.com\/?p=49606"},"modified":"2026-04-26T19:51:56","modified_gmt":"2026-04-26T19:51:56","slug":"especial-peruanos-celebran-dia-mundial-del-tai-chi-2026","status":"publish","type":"post","link":"https:\/\/informadorweb.com\/?p=49606","title":{"rendered":"Especial: Peruanos celebran D\u00eda Mundial del Tai Chi 2026"},"content":{"rendered":"<div class=\"el-scrollbar__wrap\">\n<div class=\"el-scrollbar__view\">\n<div class=\"news-content\" data-v-e79c3ee4=\"\">LIMA, 25 abr (Xinhua) &#8212; Peruanos de todas las edades celebraron este s\u00e1bado el D\u00eda Mundial del Tai Chi 2026, durante una ceremonia en la sede del Colegio Peruano Chino Juan XXIII, ubicado en el distrito lime\u00f1o de San Miguel. Durante el evento, diversas autoridades ofrecieron palabras en las que reconocieron el valor de esta pr\u00e1ctica para la salud integral y el fortalecimiento de la integraci\u00f3n cultural entre Per\u00fa y China. El consejero cultural de la Embajada de China en Per\u00fa, Zhao Xiaoming, agradeci\u00f3 a todos los participantes y practicantes de la cultura del Tai Chi presentes en el evento. El diplom\u00e1tico subray\u00f3 que esta disciplina milenaria es una v\u00eda para encontrar una buena forma de armon\u00eda tanto con la naturaleza y el ambiente, lo que a su vez promueve el equilibrio integral de los seres humanos. Luego, el escenario del auditorio se llen\u00f3 de color con una demostraci\u00f3n de Tai Chi tradicional, en la que cuatro integrantes realizaron saludos iniciales para proceder con sus movimientos t\u00e9cnicos. El grupo demostr\u00f3 movimientos lentos y sincronizados con manos, piernas y el cuerpo entero, evidenciando equilibrio, paciencia y una danza armoniosa ante la mirada de los asistentes peruanos y chinos. El presidente del Instituto Cultural Peruano-Chino, Eduardo Yong Motta, destac\u00f3 en conversaci\u00f3n con Xinhua la importancia de que la Unesco haya reconocido el Tai Chi como Patrimonio Cultural Inmaterial de la Humanidad, agregando que esta celebraci\u00f3n es fundamental para fortalecer la cooperaci\u00f3n entre Per\u00fa y China. Por su parte, la decana del Consejo Regional 3 Lima del Colegio M\u00e9dico de Per\u00fa, Frida Gonz\u00e1les Mont\u00fafar, afirm\u00f3 que \u00abcada vez que vengo hay m\u00e1s gente, gente nueva, gente joven, gente grande, los mayores de edad. Estos nexos nos llevan a que esto debe ser constante, tener un cronograma mensual en cada instituci\u00f3n\u00bb. El programa tambi\u00e9n cont\u00f3 con la participaci\u00f3n de un instructor del Instituto Confucio de la Pontificia Universidad Cat\u00f3lica del Per\u00fa (PUCP) que present\u00f3 un n\u00famero en el que realiz\u00f3 movimientos con un abanico rojo, al ritmo de la m\u00fasica tradicional. El programa art\u00edstico continu\u00f3 con la participaci\u00f3n de cinco estudiantes del Colegio Peruano Chino Juan XXIII, quienes animaron el ambiente r\u00edtmico con la interpretaci\u00f3n del erhu. Posteriormente, tres bailarinas con atuendos rosados y sombrillas tradicionales ejecutaron una danza tradicional china. El evento concluy\u00f3 con m\u00e1s presentaciones de Tai Chi por parte de decenas de practicantes de diferentes asociaciones. Fin<\/div>\n<\/div>\n<\/div>\n<div class=\"el-scrollbar__bar is-horizontal\"><\/div>\n","protected":false},"excerpt":{"rendered":"<p>LIMA, 25 abr (Xinhua) &#8212; Peruanos de todas las edades celebraron este s\u00e1bado el D\u00eda&#8230;<\/p>\n","protected":false},"author":1,"featured_media":0,"comment_status":"closed","ping_status":"closed","sticky":false,"template":"","format":"standard","meta":{"footnotes":""},"categories":[2],"tags":[],"class_list":["post-49606","post","type-post","status-publish","format-standard","hentry","category-internacional"],"_links":{"self":[{"href":"https:\/\/informadorweb.com\/index.php?rest_route=\/wp\/v2\/posts\/49606","targetHints":{"allow":["GET"]}}],"collection":[{"href":"https:\/\/informadorweb.com\/index.php?rest_route=\/wp\/v2\/posts"}],"about":[{"href":"https:\/\/informadorweb.com\/index.php?rest_route=\/wp\/v2\/types\/post"}],"author":[{"embeddable":true,"href":"https:\/\/informadorweb.com\/index.php?rest_route=\/wp\/v2\/users\/1"}],"replies":[{"embeddable":true,"href":"https:\/\/informadorweb.com\/index.php?rest_route=%2Fwp%2Fv2%2Fcomments&post=49606"}],"version-history":[{"count":1,"href":"https:\/\/informadorweb.com\/index.php?rest_route=\/wp\/v2\/posts\/49606\/revisions"}],"predecessor-version":[{"id":49607,"href":"https:\/\/informadorweb.com\/index.php?rest_route=\/wp\/v2\/posts\/49606\/revisions\/49607"}],"wp:attachment":[{"href":"https:\/\/informadorweb.com\/index.php?rest_route=%2Fwp%2Fv2%2Fmedia&parent=49606"}],"wp:term":[{"taxonomy":"category","embeddable":true,"href":"https:\/\/informadorweb.com\/index.php?rest_route=%2Fwp%2Fv2%2Fcategories&post=49606"},{"taxonomy":"post_tag","embeddable":true,"href":"https:\/\/informadorweb.com\/index.php?rest_route=%2Fwp%2Fv2%2Ftags&post=49606"}],"curies":[{"name":"wp","href":"https:\/\/api.w.org\/{rel}","templated":true}]}}