{"id":49580,"date":"2026-04-26T13:44:09","date_gmt":"2026-04-26T19:44:09","guid":{"rendered":"https:\/\/informadorweb.com\/?p=49580"},"modified":"2026-04-26T19:44:10","modified_gmt":"2026-04-26T19:44:10","slug":"actualizacion-aumenta-a-14-cifra-de-muertos-por-ataque-con-explosivos-en-colombia","status":"publish","type":"post","link":"https:\/\/informadorweb.com\/?p=49580","title":{"rendered":"Actualizaci\u00f3n: Aumenta a 14 cifra de muertos por ataque con explosivos en Colombia"},"content":{"rendered":"<p>BOGOT\u00c1, 25 abr (Xinhua) &#8212; Ascendi\u00f3 a 14 la cifra de muertos como consecuencia del atentado con explosivos en la localidad de El T\u00fanel, departamento del Cauca (suroeste), que el Gobierno colombiano atribuy\u00f3 a grupos guerrilleros, inform\u00f3 hoy s\u00e1bado el gobernador de esa entidad, Octavio Guzm\u00e1n. \u00abReportamos 14 personas muertas y m\u00e1s de 38 personas heridas, entre ellas cinco menores de edad (&#8230;) Expresamos nuestra solidaridad con sus familias; esta es una tragedia que enluta profundamente y llena de dolor a nuestro pueblo\u00bb, se\u00f1al\u00f3 en la red social X el pol\u00edtico. Guzm\u00e1n valor\u00f3 la decisi\u00f3n del ministro de Defensa, Pedro S\u00e1nchez, de iniciar un consejo extraordinario de seguridad para enfrentar la emergencia de manera articulada con el gobierno nacional. Agreg\u00f3 que la red hospitalaria se encuentra al l\u00edmite tras los 26 atentados de las \u00faltimas 24 horas en su departamento y el vecino Valle del Cauca a manos de facciones disidentes de la extinta guerrilla Fuerzas Armadas Revolucionarias de Colombia. Este s\u00e1bado el presidente Gustavo Petro repudi\u00f3 los ataques y orden\u00f3 a las Fuerzas Armadas reforzar las operaciones ofensivas contra las bandas remanentes lideradas por N\u00e9stor Vera, alias \u00abIv\u00e1n Mordisco\u00bb, que se financian con recursos provenientes del narcotr\u00e1fico y la miner\u00eda ilegal. Fin<\/p>\n","protected":false},"excerpt":{"rendered":"<p>BOGOT\u00c1, 25 abr (Xinhua) &#8212; Ascendi\u00f3 a 14 la cifra de muertos como consecuencia del&#8230;<\/p>\n","protected":false},"author":1,"featured_media":0,"comment_status":"closed","ping_status":"closed","sticky":false,"template":"","format":"standard","meta":{"footnotes":""},"categories":[2],"tags":[],"class_list":["post-49580","post","type-post","status-publish","format-standard","hentry","category-internacional"],"_links":{"self":[{"href":"https:\/\/informadorweb.com\/index.php?rest_route=\/wp\/v2\/posts\/49580","targetHints":{"allow":["GET"]}}],"collection":[{"href":"https:\/\/informadorweb.com\/index.php?rest_route=\/wp\/v2\/posts"}],"about":[{"href":"https:\/\/informadorweb.com\/index.php?rest_route=\/wp\/v2\/types\/post"}],"author":[{"embeddable":true,"href":"https:\/\/informadorweb.com\/index.php?rest_route=\/wp\/v2\/users\/1"}],"replies":[{"embeddable":true,"href":"https:\/\/informadorweb.com\/index.php?rest_route=%2Fwp%2Fv2%2Fcomments&post=49580"}],"version-history":[{"count":1,"href":"https:\/\/informadorweb.com\/index.php?rest_route=\/wp\/v2\/posts\/49580\/revisions"}],"predecessor-version":[{"id":49581,"href":"https:\/\/informadorweb.com\/index.php?rest_route=\/wp\/v2\/posts\/49580\/revisions\/49581"}],"wp:attachment":[{"href":"https:\/\/informadorweb.com\/index.php?rest_route=%2Fwp%2Fv2%2Fmedia&parent=49580"}],"wp:term":[{"taxonomy":"category","embeddable":true,"href":"https:\/\/informadorweb.com\/index.php?rest_route=%2Fwp%2Fv2%2Fcategories&post=49580"},{"taxonomy":"post_tag","embeddable":true,"href":"https:\/\/informadorweb.com\/index.php?rest_route=%2Fwp%2Fv2%2Ftags&post=49580"}],"curies":[{"name":"wp","href":"https:\/\/api.w.org\/{rel}","templated":true}]}}