{"id":49574,"date":"2026-04-26T13:43:06","date_gmt":"2026-04-26T19:43:06","guid":{"rendered":"https:\/\/informadorweb.com\/?p=49574"},"modified":"2026-04-26T19:43:07","modified_gmt":"2026-04-26T19:43:07","slug":"resumen-avanza-peregrinacion-nacional-contra-las-sanciones-en-venezuela-con-participacion-multisectorial","status":"publish","type":"post","link":"https:\/\/informadorweb.com\/?p=49574","title":{"rendered":"Resumen: Avanza peregrinaci\u00f3n nacional contra las sanciones en Venezuela con participaci\u00f3n multisectorial"},"content":{"rendered":"<p>CARACAS, 25 abr (Xinhua) &#8212; La Gran Peregrinaci\u00f3n Nacional por una Venezuela sin Sanciones y en Paz ampl\u00eda su alcance territorial en el pa\u00eds con nuevas movilizaciones este fin de semana en los estados Yaracuy (centro-occidente) y Nueva Esparta (noreste), en el marco de una convocatoria oficial que busca aglutinar a diversos sectores sociales y pol\u00edticos. La iniciativa, promovida por la presidenta encargada Delcy Rodr\u00edguez, se desarrolla desde el pasado 19 de abril con recorridos simult\u00e1neos en distintas regiones del pa\u00eds y prev\u00e9 culminar en Caracas el 1 de mayo. En Yaracuy, una caravana que reuni\u00f3 este s\u00e1bado a m\u00e1s de 2.000 motorizados recorri\u00f3 varios puntos del estado, en rechazo a las medidas restrictivas impuestas por Estados Unidos contra Venezuela. La jornada estuvo acompa\u00f1ada por autoridades nacionales y regionales, junto a representantes de sectores culturales, juveniles y productivos, en una agenda que incluy\u00f3 contacto directo con comunidades y actores econ\u00f3micos. De forma paralela, en el insular estado de Nueva Esparta, una movilizaci\u00f3n similar atraves\u00f3 distintos municipios de la isla de Margarita, con actos culturales y concentraciones en espacios p\u00fablicos. Durante esa actividad, el primer vicepresidente de la Asamblea Nacional, Pedro Infante, llam\u00f3 a dejar atr\u00e1s divisiones pol\u00edticas y a avanzar en una agenda com\u00fan centrada en la recuperaci\u00f3n econ\u00f3mica y la estabilidad social. \u00abQue nunca m\u00e1s ning\u00fan venezolano pida sanciones o bloqueo\u00bb, expres\u00f3 el dirigente, al tiempo que abog\u00f3 por un proceso de reconciliaci\u00f3n nacional. Autoridades regionales tambi\u00e9n destacaron el car\u00e1cter integrador de la convocatoria, la cual aseguraron busca incorporar a distintos sectores m\u00e1s all\u00e1 de afinidades pol\u00edticas. El despliegue en estas entidades se suma a jornadas previas realizadas en estados del occidente, los Andes, los llanos y el oriente del pa\u00eds, como parte de un recorrido progresivo que ha ido incorporando nuevas regiones. La peregrinaci\u00f3n tiene como objetivo visibilizar el rechazo a las sanciones internacionales y promover un espacio de encuentro entre actores pol\u00edticos, econ\u00f3micos y sociales. En ese contexto, voceros gubernamentales han insistido en la necesidad de construir consensos internos frente a las medidas restrictivas, en una l\u00ednea discursiva que plantea la unidad nacional como eje central. En d\u00edas recientes, Delcy Rodr\u00edguez afirm\u00f3 que Venezuela \u00abes mucho m\u00e1s grande que nuestras diferencias\u00bb, en referencia al car\u00e1cter inclusivo que se busca imprimir a la movilizaci\u00f3n. La convocatoria ha incorporado a empresarios, trabajadores, cultores, organizaciones sociales y representantes pol\u00edticos, en actividades que combinan manifestaciones p\u00fablicas con encuentros sectoriales. Algunas de estas jornadas han incluido asambleas comunitarias, intercambios con gremios econ\u00f3micos y expresiones culturales, orientadas a recoger propuestas y fortalecer la participaci\u00f3n local. La peregrinaci\u00f3n continuar\u00e1 su avance hacia la regi\u00f3n central del pa\u00eds en los pr\u00f3ximos d\u00edas, con la previsi\u00f3n de confluir en Caracas en un acto de cierre que marcar\u00eda el punto culminante de esta importante movilizaci\u00f3n nacional. Desde 2014, Estados Unidos ha implementado una serie de sanciones unilaterales dirigidas a distintos \u00e1mbitos de la econom\u00eda venezolana, medidas que Caracas ha calificado como una estrategia de presi\u00f3n externa. En conjunto, Venezuela acumula 1.088 sanciones impuestas por Estados Unidos, la Uni\u00f3n Europea y Canad\u00e1, seg\u00fan distintos recuentos oficiales sobre medidas coercitivas aplicadas al pa\u00eds sudamericano. Fin<\/p>\n","protected":false},"excerpt":{"rendered":"<p>CARACAS, 25 abr (Xinhua) &#8212; La Gran Peregrinaci\u00f3n Nacional por una Venezuela sin Sanciones y&#8230;<\/p>\n","protected":false},"author":1,"featured_media":0,"comment_status":"closed","ping_status":"closed","sticky":false,"template":"","format":"standard","meta":{"footnotes":""},"categories":[2],"tags":[],"class_list":["post-49574","post","type-post","status-publish","format-standard","hentry","category-internacional"],"_links":{"self":[{"href":"https:\/\/informadorweb.com\/index.php?rest_route=\/wp\/v2\/posts\/49574","targetHints":{"allow":["GET"]}}],"collection":[{"href":"https:\/\/informadorweb.com\/index.php?rest_route=\/wp\/v2\/posts"}],"about":[{"href":"https:\/\/informadorweb.com\/index.php?rest_route=\/wp\/v2\/types\/post"}],"author":[{"embeddable":true,"href":"https:\/\/informadorweb.com\/index.php?rest_route=\/wp\/v2\/users\/1"}],"replies":[{"embeddable":true,"href":"https:\/\/informadorweb.com\/index.php?rest_route=%2Fwp%2Fv2%2Fcomments&post=49574"}],"version-history":[{"count":1,"href":"https:\/\/informadorweb.com\/index.php?rest_route=\/wp\/v2\/posts\/49574\/revisions"}],"predecessor-version":[{"id":49575,"href":"https:\/\/informadorweb.com\/index.php?rest_route=\/wp\/v2\/posts\/49574\/revisions\/49575"}],"wp:attachment":[{"href":"https:\/\/informadorweb.com\/index.php?rest_route=%2Fwp%2Fv2%2Fmedia&parent=49574"}],"wp:term":[{"taxonomy":"category","embeddable":true,"href":"https:\/\/informadorweb.com\/index.php?rest_route=%2Fwp%2Fv2%2Fcategories&post=49574"},{"taxonomy":"post_tag","embeddable":true,"href":"https:\/\/informadorweb.com\/index.php?rest_route=%2Fwp%2Fv2%2Ftags&post=49574"}],"curies":[{"name":"wp","href":"https:\/\/api.w.org\/{rel}","templated":true}]}}