{"id":49572,"date":"2026-04-26T13:41:02","date_gmt":"2026-04-26T19:41:02","guid":{"rendered":"https:\/\/informadorweb.com\/?p=49572"},"modified":"2026-04-26T19:41:03","modified_gmt":"2026-04-26T19:41:03","slug":"presidente-petro-pide-maxima-persecucion-contra-guerrilleros-que-perpetraron-atentado-en-colombia","status":"publish","type":"post","link":"https:\/\/informadorweb.com\/?p=49572","title":{"rendered":"Presidente Petro pide \u00abm\u00e1xima persecuci\u00f3n\u00bb contra guerrilleros que perpetraron atentado en Colombia"},"content":{"rendered":"<p>BOGOT\u00c1, 25 abr (Xinhua) &#8212; El presidente colombiano, Gustavo Petro, exigi\u00f3 \u00abla m\u00e1xima persecuci\u00f3n mundial\u00bb para los jefes guerrilleros responsables del atentado con explosivos en el suroccidental departamento del Cauca, que dej\u00f3 hoy s\u00e1bado al menos siete civiles muertos y alrededor de 20 heridos. \u00abQuiero la m\u00e1xima persecuci\u00f3n mundial contra este grupo narcoterrorista. Quiero la UIAF (Unidad de Informaci\u00f3n y An\u00e1lisis Financiero) encima de sus finanzas, quiero los mejores soldados para enfrentarlos, quiero que el pueblo caucano se libere de esta mafia, detritus de la violencia\u00bb, public\u00f3 el mandatario en redes sociales. Tambi\u00e9n dijo que denunciar\u00e1 el acto ante la Corte Penal Internacional y se\u00f1al\u00f3 que la inteligencia policial y militar ya identific\u00f3 a alias \u00abMarlon\u00bb, la cabeza de este y otros atentados ocurridos en los departamentos de Cauca y Valle del Cauca (suroeste) en las \u00faltimas 24 horas. Autoridades colombianas reportaron 26 ataques en ambos departamentos de Colombia entre el viernes y este s\u00e1bado, perpetrados por remanentes del extinto grupo guerrillero Fuerzas Armadas Revolucionarias de Colombia. La Aeron\u00e1utica Civil denunci\u00f3 que uno de los ataques afect\u00f3 un radar de control a\u00e9reo cercano a la localidad de El Tambo, a 35 kil\u00f3metros al oeste de Popay\u00e1n, capital del departamento del Cauca, y advirti\u00f3 que este hecho pone en riesgo un servicio esencial para la seguridad a\u00e9rea. Fin<\/p>\n","protected":false},"excerpt":{"rendered":"<p>BOGOT\u00c1, 25 abr (Xinhua) &#8212; El presidente colombiano, Gustavo Petro, exigi\u00f3 \u00abla m\u00e1xima persecuci\u00f3n mundial\u00bb&#8230;<\/p>\n","protected":false},"author":1,"featured_media":0,"comment_status":"closed","ping_status":"closed","sticky":false,"template":"","format":"standard","meta":{"footnotes":""},"categories":[2],"tags":[],"class_list":["post-49572","post","type-post","status-publish","format-standard","hentry","category-internacional"],"_links":{"self":[{"href":"https:\/\/informadorweb.com\/index.php?rest_route=\/wp\/v2\/posts\/49572","targetHints":{"allow":["GET"]}}],"collection":[{"href":"https:\/\/informadorweb.com\/index.php?rest_route=\/wp\/v2\/posts"}],"about":[{"href":"https:\/\/informadorweb.com\/index.php?rest_route=\/wp\/v2\/types\/post"}],"author":[{"embeddable":true,"href":"https:\/\/informadorweb.com\/index.php?rest_route=\/wp\/v2\/users\/1"}],"replies":[{"embeddable":true,"href":"https:\/\/informadorweb.com\/index.php?rest_route=%2Fwp%2Fv2%2Fcomments&post=49572"}],"version-history":[{"count":1,"href":"https:\/\/informadorweb.com\/index.php?rest_route=\/wp\/v2\/posts\/49572\/revisions"}],"predecessor-version":[{"id":49573,"href":"https:\/\/informadorweb.com\/index.php?rest_route=\/wp\/v2\/posts\/49572\/revisions\/49573"}],"wp:attachment":[{"href":"https:\/\/informadorweb.com\/index.php?rest_route=%2Fwp%2Fv2%2Fmedia&parent=49572"}],"wp:term":[{"taxonomy":"category","embeddable":true,"href":"https:\/\/informadorweb.com\/index.php?rest_route=%2Fwp%2Fv2%2Fcategories&post=49572"},{"taxonomy":"post_tag","embeddable":true,"href":"https:\/\/informadorweb.com\/index.php?rest_route=%2Fwp%2Fv2%2Ftags&post=49572"}],"curies":[{"name":"wp","href":"https:\/\/api.w.org\/{rel}","templated":true}]}}