{"id":49570,"date":"2026-04-26T13:40:30","date_gmt":"2026-04-26T19:40:30","guid":{"rendered":"https:\/\/informadorweb.com\/?p=49570"},"modified":"2026-04-26T19:40:31","modified_gmt":"2026-04-26T19:40:31","slug":"atentado-con-explosivos-en-colombia-deja-al-menos-siete-muertos-y-20-heridos","status":"publish","type":"post","link":"https:\/\/informadorweb.com\/?p=49570","title":{"rendered":"Atentado con explosivos en Colombia deja al menos siete muertos y 20 heridos"},"content":{"rendered":"<p>BOGOT\u00c1, 25 abr (Xinhua) &#8212; Un ataque con explosivos dej\u00f3 al menos siete muertos y 20 heridos en la v\u00eda Panamericana, carretera que conecta a las ciudades colombianas de Cali, en el departamento de Valle del Cauca (suroeste), y Popay\u00e1n, Cauca (suroeste), informaron hoy s\u00e1bado medios locales. El comandante de las Fuerzas Militares de la naci\u00f3n sudamericana, general Hugo L\u00f3pez, responsabiliz\u00f3 del hecho a los remanentes de la extinta guerrilla de las Fuerzas Armadas Revolucionarias de Colombia (FARC) y se\u00f1al\u00f3 que se encuentra en el lugar verificando la informaci\u00f3n junto a la Polic\u00eda. \u00abEs una acci\u00f3n terrorista clara de las estructuras de (alias) Mordisco y de la Jaime Mart\u00ednez contra la poblaci\u00f3n civil\u00bb, advirti\u00f3 en referencia a la columna Jaime Mart\u00ednez, parte del Estado Mayor Central, la principal disidencia de la extinta guerrilla FARC dirigida por N\u00e9stor Vera, alias Iv\u00e1n Mordisco, uno de los hombres m\u00e1s buscados del pa\u00eds. El atentado forma parte de una serie de ataques violentos en los departamentos de Cauca y Valle del Cauca contra instalaciones civiles y militares en las \u00faltimas 24 horas. El ministro de Defensa, Pedro S\u00e1nchez, se\u00f1al\u00f3 a un jefe guerrillero apodado \u00abMarlon\u00bb como el responsable en campo de los ataques y elev\u00f3 la recompensa por su captura a 4.500 millones de pesos (unos 1,2 millones de d\u00f3lares). Tambi\u00e9n confirm\u00f3 que en dos de los ataques contra objetivos militares los guerrilleros utilizaron buses de servicio escolar, lo que constituye una violaci\u00f3n del Derecho Internacional Humanitario. La Aeron\u00e1utica Civil denunci\u00f3 que uno de los ataques afect\u00f3 un radar de control a\u00e9reo cercano a la localidad de El Tambo, a 35 kil\u00f3metros al oeste de Popay\u00e1n, y advirti\u00f3 que este hecho pone en riesgo un servicio esencial para la seguridad a\u00e9rea del pa\u00eds. Fin<\/p>\n","protected":false},"excerpt":{"rendered":"<p>BOGOT\u00c1, 25 abr (Xinhua) &#8212; Un ataque con explosivos dej\u00f3 al menos siete muertos y&#8230;<\/p>\n","protected":false},"author":1,"featured_media":0,"comment_status":"closed","ping_status":"closed","sticky":false,"template":"","format":"standard","meta":{"footnotes":""},"categories":[2],"tags":[],"class_list":["post-49570","post","type-post","status-publish","format-standard","hentry","category-internacional"],"_links":{"self":[{"href":"https:\/\/informadorweb.com\/index.php?rest_route=\/wp\/v2\/posts\/49570","targetHints":{"allow":["GET"]}}],"collection":[{"href":"https:\/\/informadorweb.com\/index.php?rest_route=\/wp\/v2\/posts"}],"about":[{"href":"https:\/\/informadorweb.com\/index.php?rest_route=\/wp\/v2\/types\/post"}],"author":[{"embeddable":true,"href":"https:\/\/informadorweb.com\/index.php?rest_route=\/wp\/v2\/users\/1"}],"replies":[{"embeddable":true,"href":"https:\/\/informadorweb.com\/index.php?rest_route=%2Fwp%2Fv2%2Fcomments&post=49570"}],"version-history":[{"count":1,"href":"https:\/\/informadorweb.com\/index.php?rest_route=\/wp\/v2\/posts\/49570\/revisions"}],"predecessor-version":[{"id":49571,"href":"https:\/\/informadorweb.com\/index.php?rest_route=\/wp\/v2\/posts\/49570\/revisions\/49571"}],"wp:attachment":[{"href":"https:\/\/informadorweb.com\/index.php?rest_route=%2Fwp%2Fv2%2Fmedia&parent=49570"}],"wp:term":[{"taxonomy":"category","embeddable":true,"href":"https:\/\/informadorweb.com\/index.php?rest_route=%2Fwp%2Fv2%2Fcategories&post=49570"},{"taxonomy":"post_tag","embeddable":true,"href":"https:\/\/informadorweb.com\/index.php?rest_route=%2Fwp%2Fv2%2Ftags&post=49570"}],"curies":[{"name":"wp","href":"https:\/\/api.w.org\/{rel}","templated":true}]}}