{"id":49560,"date":"2026-04-26T13:38:54","date_gmt":"2026-04-26T19:38:54","guid":{"rendered":"https:\/\/informadorweb.com\/?p=49560"},"modified":"2026-04-26T19:38:55","modified_gmt":"2026-04-26T19:38:55","slug":"gobierno-de-venezuela-destaca-exitosa-reunion-de-presidente-colombiano-con-delcy-rodriguez","status":"publish","type":"post","link":"https:\/\/informadorweb.com\/?p=49560","title":{"rendered":"Gobierno de Venezuela destaca \u00abexitosa\u00bb reuni\u00f3n de presidente colombiano con Delcy Rodr\u00edguez"},"content":{"rendered":"<p>CARACAS, 25 abr (Xinhua) &#8212; El Gobierno de Venezuela calific\u00f3 hoy s\u00e1bado como \u00abexitosa\u00bb la reuni\u00f3n sostenida entre el mandatario colombiano Gustavo Petro y la presidente encargada Delcy Rodr\u00edguez, encuentro que permiti\u00f3 consolidar una agenda bilateral en \u00e1reas como seguridad, energ\u00eda, comercio y cooperaci\u00f3n social. El canciller venezolano, Yv\u00e1n Gil, acompa\u00f1\u00f3 la despedida de Petro tras su visita a Caracas y asegur\u00f3 en redes sociales que el di\u00e1logo con la presidenta encargada de Venezuela fue \u00abfundamental para establecer una agenda bilateral m\u00e1s s\u00f3lida\u00bb, en el marco de la III Reuni\u00f3n de la Comisi\u00f3n de Vecindad e Integraci\u00f3n. De acuerdo con Gil, la agenda acordada incluye proyectos pol\u00edticos, sociales, diplom\u00e1ticos y econ\u00f3micos \u00abde gran alcance\u00bb, orientados a fortalecer la relaci\u00f3n entre ambos pa\u00edses. Durante la reuni\u00f3n oficial celebrada el viernes en el Palacio de Miraflores, sede del Gobierno de Venezuela, ambas partes analizaron iniciativas para impulsar el turismo, la sustituci\u00f3n de importaciones y programas de atenci\u00f3n social para sectores vulnerables, en un contexto de reactivaci\u00f3n progresiva de los v\u00ednculos entre Caracas y Bogot\u00e1. El Gobierno venezolano subray\u00f3 que este acercamiento forma parte de una estrategia de integraci\u00f3n regional y reafirm\u00f3 su intenci\u00f3n de avanzar en la construcci\u00f3n de \u00abunidad, hermandad e integraci\u00f3n\u00bb entre ambas naciones. La visita de Petro se produjo en un momento de renovado impulso en las relaciones bilaterales, tras a\u00f1os de tensiones y cierres fronterizos, y en medio de esfuerzos por fortalecer la cooperaci\u00f3n en \u00e1reas estrat\u00e9gicas. Fin<\/p>\n","protected":false},"excerpt":{"rendered":"<p>CARACAS, 25 abr (Xinhua) &#8212; El Gobierno de Venezuela calific\u00f3 hoy s\u00e1bado como \u00abexitosa\u00bb la&#8230;<\/p>\n","protected":false},"author":1,"featured_media":0,"comment_status":"closed","ping_status":"closed","sticky":false,"template":"","format":"standard","meta":{"footnotes":""},"categories":[2],"tags":[],"class_list":["post-49560","post","type-post","status-publish","format-standard","hentry","category-internacional"],"_links":{"self":[{"href":"https:\/\/informadorweb.com\/index.php?rest_route=\/wp\/v2\/posts\/49560","targetHints":{"allow":["GET"]}}],"collection":[{"href":"https:\/\/informadorweb.com\/index.php?rest_route=\/wp\/v2\/posts"}],"about":[{"href":"https:\/\/informadorweb.com\/index.php?rest_route=\/wp\/v2\/types\/post"}],"author":[{"embeddable":true,"href":"https:\/\/informadorweb.com\/index.php?rest_route=\/wp\/v2\/users\/1"}],"replies":[{"embeddable":true,"href":"https:\/\/informadorweb.com\/index.php?rest_route=%2Fwp%2Fv2%2Fcomments&post=49560"}],"version-history":[{"count":1,"href":"https:\/\/informadorweb.com\/index.php?rest_route=\/wp\/v2\/posts\/49560\/revisions"}],"predecessor-version":[{"id":49561,"href":"https:\/\/informadorweb.com\/index.php?rest_route=\/wp\/v2\/posts\/49560\/revisions\/49561"}],"wp:attachment":[{"href":"https:\/\/informadorweb.com\/index.php?rest_route=%2Fwp%2Fv2%2Fmedia&parent=49560"}],"wp:term":[{"taxonomy":"category","embeddable":true,"href":"https:\/\/informadorweb.com\/index.php?rest_route=%2Fwp%2Fv2%2Fcategories&post=49560"},{"taxonomy":"post_tag","embeddable":true,"href":"https:\/\/informadorweb.com\/index.php?rest_route=%2Fwp%2Fv2%2Ftags&post=49560"}],"curies":[{"name":"wp","href":"https:\/\/api.w.org\/{rel}","templated":true}]}}