{"id":49550,"date":"2026-04-26T13:36:52","date_gmt":"2026-04-26T19:36:52","guid":{"rendered":"https:\/\/informadorweb.com\/?p=49550"},"modified":"2026-04-26T19:36:53","modified_gmt":"2026-04-26T19:36:53","slug":"region-del-kurdistan-de-irak-reporta-mas-de-800-ataques-desde-finales-de-febrero","status":"publish","type":"post","link":"https:\/\/informadorweb.com\/?p=49550","title":{"rendered":"Regi\u00f3n del Kurdist\u00e1n de Irak reporta m\u00e1s de 800 ataques desde finales de febrero"},"content":{"rendered":"<p>BAGDAD, 25 abr (Xinhua) &#8212; La regi\u00f3n semiaut\u00f3noma del Kurdist\u00e1n, en Irak, fue blanco de 809 ataques con drones y misiles entre el 28 de febrero y el 20 de abril, los cuales han causado la muerte de 20 civiles y heridas a 123 m\u00e1s, informaron hoy s\u00e1bado las autoridades locales. En un comunicado, el departamento de prensa e informaci\u00f3n del Gobierno Regional del Kurdist\u00e1n (GRK) precis\u00f3 que la mayor\u00eda de los ataques fueron contra \u00e1reas civiles a pesar de la neutralidad declarada por la regi\u00f3n en los actuales conflictos regionales. Indic\u00f3 que la poblaci\u00f3n civil y el sector privado sufrieron las mayores p\u00e9rdidas humanas y materiales. La provincia de Erbil registr\u00f3 la cifra m\u00e1s alta de incidentes, con 477 ataques, incluidos 419 con drones y 58 con misiles, dijo el comunicado. Esos ataques provocaron la muerte de 10 civiles y dejaron 83 heridos. El GRK se\u00f1al\u00f3 que los ataques fueron lanzados contra \u00e1reas civiles recurriendo a diversos \u00abpretextos infundados\u00bb. Los ataques tuvieron lugar en medio de las crecientes tensiones regionales luego de los ataques conjuntos lanzados por Estados Unidos e Israel contra Ir\u00e1n que iniciaron el 28 de febrero. Ir\u00e1n y sus aliados regionales respondieron atacando intereses israel\u00edes y estadounidenses en Medio Oriente. Fin<\/p>\n","protected":false},"excerpt":{"rendered":"<p>BAGDAD, 25 abr (Xinhua) &#8212; La regi\u00f3n semiaut\u00f3noma del Kurdist\u00e1n, en Irak, fue blanco de&#8230;<\/p>\n","protected":false},"author":1,"featured_media":0,"comment_status":"closed","ping_status":"closed","sticky":false,"template":"","format":"standard","meta":{"footnotes":""},"categories":[2],"tags":[],"class_list":["post-49550","post","type-post","status-publish","format-standard","hentry","category-internacional"],"_links":{"self":[{"href":"https:\/\/informadorweb.com\/index.php?rest_route=\/wp\/v2\/posts\/49550","targetHints":{"allow":["GET"]}}],"collection":[{"href":"https:\/\/informadorweb.com\/index.php?rest_route=\/wp\/v2\/posts"}],"about":[{"href":"https:\/\/informadorweb.com\/index.php?rest_route=\/wp\/v2\/types\/post"}],"author":[{"embeddable":true,"href":"https:\/\/informadorweb.com\/index.php?rest_route=\/wp\/v2\/users\/1"}],"replies":[{"embeddable":true,"href":"https:\/\/informadorweb.com\/index.php?rest_route=%2Fwp%2Fv2%2Fcomments&post=49550"}],"version-history":[{"count":1,"href":"https:\/\/informadorweb.com\/index.php?rest_route=\/wp\/v2\/posts\/49550\/revisions"}],"predecessor-version":[{"id":49551,"href":"https:\/\/informadorweb.com\/index.php?rest_route=\/wp\/v2\/posts\/49550\/revisions\/49551"}],"wp:attachment":[{"href":"https:\/\/informadorweb.com\/index.php?rest_route=%2Fwp%2Fv2%2Fmedia&parent=49550"}],"wp:term":[{"taxonomy":"category","embeddable":true,"href":"https:\/\/informadorweb.com\/index.php?rest_route=%2Fwp%2Fv2%2Fcategories&post=49550"},{"taxonomy":"post_tag","embeddable":true,"href":"https:\/\/informadorweb.com\/index.php?rest_route=%2Fwp%2Fv2%2Ftags&post=49550"}],"curies":[{"name":"wp","href":"https:\/\/api.w.org\/{rel}","templated":true}]}}