{"id":49548,"date":"2026-04-26T13:36:29","date_gmt":"2026-04-26T19:36:29","guid":{"rendered":"https:\/\/informadorweb.com\/?p=49548"},"modified":"2026-04-26T19:36:30","modified_gmt":"2026-04-26T19:36:30","slug":"flash-se-espera-que-canciller-de-iran-visite-de-nuevo-pakistan-despues-de-su-viaje-a-oman-informa-medio","status":"publish","type":"post","link":"https:\/\/informadorweb.com\/?p=49548","title":{"rendered":"Flash: Se espera que canciller de Ir\u00e1n visite de nuevo Pakist\u00e1n despu\u00e9s de su viaje a Om\u00e1n, informa medio"},"content":{"rendered":"","protected":false},"excerpt":{"rendered":"","protected":false},"author":1,"featured_media":0,"comment_status":"closed","ping_status":"closed","sticky":false,"template":"","format":"standard","meta":{"footnotes":""},"categories":[2],"tags":[],"class_list":["post-49548","post","type-post","status-publish","format-standard","hentry","category-internacional"],"_links":{"self":[{"href":"https:\/\/informadorweb.com\/index.php?rest_route=\/wp\/v2\/posts\/49548","targetHints":{"allow":["GET"]}}],"collection":[{"href":"https:\/\/informadorweb.com\/index.php?rest_route=\/wp\/v2\/posts"}],"about":[{"href":"https:\/\/informadorweb.com\/index.php?rest_route=\/wp\/v2\/types\/post"}],"author":[{"embeddable":true,"href":"https:\/\/informadorweb.com\/index.php?rest_route=\/wp\/v2\/users\/1"}],"replies":[{"embeddable":true,"href":"https:\/\/informadorweb.com\/index.php?rest_route=%2Fwp%2Fv2%2Fcomments&post=49548"}],"version-history":[{"count":1,"href":"https:\/\/informadorweb.com\/index.php?rest_route=\/wp\/v2\/posts\/49548\/revisions"}],"predecessor-version":[{"id":49549,"href":"https:\/\/informadorweb.com\/index.php?rest_route=\/wp\/v2\/posts\/49548\/revisions\/49549"}],"wp:attachment":[{"href":"https:\/\/informadorweb.com\/index.php?rest_route=%2Fwp%2Fv2%2Fmedia&parent=49548"}],"wp:term":[{"taxonomy":"category","embeddable":true,"href":"https:\/\/informadorweb.com\/index.php?rest_route=%2Fwp%2Fv2%2Fcategories&post=49548"},{"taxonomy":"post_tag","embeddable":true,"href":"https:\/\/informadorweb.com\/index.php?rest_route=%2Fwp%2Fv2%2Ftags&post=49548"}],"curies":[{"name":"wp","href":"https:\/\/api.w.org\/{rel}","templated":true}]}}