{"id":49544,"date":"2026-04-26T13:34:39","date_gmt":"2026-04-26T19:34:39","guid":{"rendered":"https:\/\/informadorweb.com\/?p=49544"},"modified":"2026-04-26T19:34:39","modified_gmt":"2026-04-26T19:34:39","slug":"canciller-irani-llega-a-oman-para-diplomacia-regional-tras-visita-a-pakistan","status":"publish","type":"post","link":"https:\/\/informadorweb.com\/?p=49544","title":{"rendered":"Canciller iran\u00ed llega a Om\u00e1n para diplomacia regional tras visita a Pakist\u00e1n"},"content":{"rendered":"<p>TEHER\u00c1N, 25 abr (Xinhua) &#8212; El ministro de Relaciones Exteriores iran\u00ed, Seyed Abbas Araghchi, lleg\u00f3 a Mascate hoy s\u00e1bado para entablar conversaciones con altos funcionarios oman\u00edes sobre las relaciones bilaterales y los acontecimientos regionales, inform\u00f3 el Ministerio de Relaciones Exteriores de Ir\u00e1n. La visita es la segunda escala de una gira regional que comenz\u00f3 el viernes 24 de abril en Islamabad y terminar\u00e1 en Rusia. Araghchi encabeza una delegaci\u00f3n diplom\u00e1tica. En Islamabad, Araghchi se reuni\u00f3 con el jefe del ej\u00e9rcito de Pakist\u00e1n, Asim Munir, y con el primer ministro Shehbaz Sharif, seg\u00fan la agencia de noticias semioficial Tasnim. Discuti\u00f3 la postura de Ir\u00e1n sobre el fin de la guerra que involucra a Estados Unidos e Israel, as\u00ed como los v\u00ednculos bilaterales y los acontecimientos regionales m\u00e1s amplios. En una publicaci\u00f3n en X, Araghchi describi\u00f3 su visita a Pakist\u00e1n como \u00abmuy fruct\u00edfera\u00bb y dijo que Ir\u00e1n aprecia los \u00abbuenos oficios y esfuerzos fraternales de Pakist\u00e1n para devolver la paz a nuestra regi\u00f3n\u00bb. Indic\u00f3 que hab\u00eda compartido la posici\u00f3n de Ir\u00e1n sobre un marco de trabajo para poner fin permanentemente a la guerra, y a\u00f1adi\u00f3: \u00abA\u00fan est\u00e1 por verse si Estados Unidos es verdaderamente serio sobre la diplomacia\u00bb. Despu\u00e9s de que Araghchi partiera de Pakist\u00e1n, el presidente de Estados Unidos, Donald Trump, dijo que hab\u00eda cancelado una visita planeada a Pakist\u00e1n del enviado especial Steve Witkoff y su yerno Jared Kushner. El 28 de febrero, Israel y Estados Unidos lanzaron ataques conjuntos contra Teher\u00e1n y otras ciudades iran\u00edes, matando al entonces l\u00edder supremo de Ir\u00e1n, Ali Jamenei, junto con altos mandos militares y civiles. Ir\u00e1n respondi\u00f3 con oleadas de ataques con misiles y drones contra Israel y bases de Estados Unidos en todo Medio Oriente. Se alcanz\u00f3 un alto al fuego el 8 de abril. Las conversaciones de seguimiento celebradas en Islamabad el 11 y 12 de abril no lograron producir un acuerdo. Se esperaba que Ir\u00e1n y Estados Unidos celebraran otra ronda de conversaciones en Pakist\u00e1n esta semana, pero Teher\u00e1n se neg\u00f3 a asistir, citando el continuo bloqueo naval de Estados Unidos y lo que calific\u00f3 de demandas \u00abexcesivas\u00bb de Estados Unidos. Fin<\/p>\n","protected":false},"excerpt":{"rendered":"<p>TEHER\u00c1N, 25 abr (Xinhua) &#8212; El ministro de Relaciones Exteriores iran\u00ed, Seyed Abbas Araghchi, lleg\u00f3&#8230;<\/p>\n","protected":false},"author":1,"featured_media":0,"comment_status":"closed","ping_status":"closed","sticky":false,"template":"","format":"standard","meta":{"footnotes":""},"categories":[2],"tags":[],"class_list":["post-49544","post","type-post","status-publish","format-standard","hentry","category-internacional"],"_links":{"self":[{"href":"https:\/\/informadorweb.com\/index.php?rest_route=\/wp\/v2\/posts\/49544","targetHints":{"allow":["GET"]}}],"collection":[{"href":"https:\/\/informadorweb.com\/index.php?rest_route=\/wp\/v2\/posts"}],"about":[{"href":"https:\/\/informadorweb.com\/index.php?rest_route=\/wp\/v2\/types\/post"}],"author":[{"embeddable":true,"href":"https:\/\/informadorweb.com\/index.php?rest_route=\/wp\/v2\/users\/1"}],"replies":[{"embeddable":true,"href":"https:\/\/informadorweb.com\/index.php?rest_route=%2Fwp%2Fv2%2Fcomments&post=49544"}],"version-history":[{"count":1,"href":"https:\/\/informadorweb.com\/index.php?rest_route=\/wp\/v2\/posts\/49544\/revisions"}],"predecessor-version":[{"id":49545,"href":"https:\/\/informadorweb.com\/index.php?rest_route=\/wp\/v2\/posts\/49544\/revisions\/49545"}],"wp:attachment":[{"href":"https:\/\/informadorweb.com\/index.php?rest_route=%2Fwp%2Fv2%2Fmedia&parent=49544"}],"wp:term":[{"taxonomy":"category","embeddable":true,"href":"https:\/\/informadorweb.com\/index.php?rest_route=%2Fwp%2Fv2%2Fcategories&post=49544"},{"taxonomy":"post_tag","embeddable":true,"href":"https:\/\/informadorweb.com\/index.php?rest_route=%2Fwp%2Fv2%2Ftags&post=49544"}],"curies":[{"name":"wp","href":"https:\/\/api.w.org\/{rel}","templated":true}]}}