{"id":49540,"date":"2026-04-26T13:33:41","date_gmt":"2026-04-26T19:33:41","guid":{"rendered":"https:\/\/informadorweb.com\/?p=49540"},"modified":"2026-04-26T19:33:42","modified_gmt":"2026-04-26T19:33:42","slug":"ampliacion-trump-dice-que-cancelo-viaje-de-representantes-de-eeuu-a-pakistan-para-conversaciones","status":"publish","type":"post","link":"https:\/\/informadorweb.com\/?p=49540","title":{"rendered":"Ampliaci\u00f3n: Trump dice que cancel\u00f3 viaje de representantes de EEUU a Pakist\u00e1n para conversaciones"},"content":{"rendered":"<p>WASHINGTON, 25 abr (Xinhua) &#8212; El presidente de Estados Unidos, Donald Trump, anunci\u00f3 hoy s\u00e1bado en las redes sociales que acaba de cancelar el viaje de los representantes estadounidenses que se dirig\u00edan a Islamabad, Pakist\u00e1n, para reunirse con la parte iran\u00ed. \u00ab\u00a1Se perdi\u00f3 demasiado tiempo viajando, demasiado trabajo! Adem\u00e1s de eso, hay una tremenda lucha interna y confusi\u00f3n dentro de su &#8216;liderazgo&#8217;. Nadie sabe qui\u00e9n est\u00e1 a cargo, incluy\u00e9ndolos a ellos\u00bb, escribi\u00f3 Trump en una publicaci\u00f3n en la red social Truth Social. El presidente de Estados Unidos tambi\u00e9n afirm\u00f3 que \u00abnosotros tenemos todas las cartas, ellos ninguna\u00bb, y a\u00f1adi\u00f3 que \u00absi quieren hablar, todo lo que tienen que hacer es llamar\u00bb. M\u00e1s temprano hoy, Trump mencion\u00f3 a Fox News que hab\u00eda cancelado el viaje planeado de su yerno Jared Kushner y del enviado especial Steve Witkoff a Pakist\u00e1n. En la entrevista, Trump afirm\u00f3 que no vale la pena que la delegaci\u00f3n estadounidense realice el vuelo de 18 horas a Pakist\u00e1n cuando Estados Unidos tiene todas las cartas en el conflicto con Ir\u00e1n. \u00abNosotros tenemos todas las cartas. Pueden llamarnos cuando quieran, pero ya no se van a realizar m\u00e1s vuelos de 18 horas para sentarse a hablar de nada\u00bb, dijo Trump. Se supon\u00eda que Witkoff y Kushner viajar\u00edan a Pakist\u00e1n este fin de semana para la segunda ronda de negociaciones Estados Unidos-Ir\u00e1n. El ministro de Relaciones Exteriores iran\u00ed, Seyed Abbas Araghchi, concluy\u00f3 las conversaciones con el liderazgo de Pakist\u00e1n y parti\u00f3 de Islamabad, inform\u00f3 hoy una fuente paquistan\u00ed a Xinhua. \u00abVisita muy fruct\u00edfera a Pakist\u00e1n, cuyos buenos oficios y esfuerzos fraternales para devolver la paz a nuestra regi\u00f3n valoramos mucho\u00bb, escribi\u00f3 Araghchi en una publicaci\u00f3n en la red social X. \u00abCompart\u00ed la posici\u00f3n de Ir\u00e1n respecto a un marco de trabajo viable para poner fin permanentemente a la guerra contra Ir\u00e1n\u00bb. \u00abA\u00fan est\u00e1 por verse si Estados Unidos es verdaderamente serio sobre la diplomacia\u00bb, a\u00f1adi\u00f3 el canciller. La administraci\u00f3n del distrito de Islamabad permiti\u00f3 hoy que todo tipo de transporte p\u00fablico y de mercanc\u00edas ingrese a la capital federal tras flexibilizar las intensas medidas de seguridad impuestas a principios de esta semana ante las expectativas de una segunda ronda de conversaciones de paz Ir\u00e1n-Estados Unidos. Fin<\/p>\n","protected":false},"excerpt":{"rendered":"<p>WASHINGTON, 25 abr (Xinhua) &#8212; El presidente de Estados Unidos, Donald Trump, anunci\u00f3 hoy s\u00e1bado&#8230;<\/p>\n","protected":false},"author":1,"featured_media":0,"comment_status":"closed","ping_status":"closed","sticky":false,"template":"","format":"standard","meta":{"footnotes":""},"categories":[2],"tags":[],"class_list":["post-49540","post","type-post","status-publish","format-standard","hentry","category-internacional"],"_links":{"self":[{"href":"https:\/\/informadorweb.com\/index.php?rest_route=\/wp\/v2\/posts\/49540","targetHints":{"allow":["GET"]}}],"collection":[{"href":"https:\/\/informadorweb.com\/index.php?rest_route=\/wp\/v2\/posts"}],"about":[{"href":"https:\/\/informadorweb.com\/index.php?rest_route=\/wp\/v2\/types\/post"}],"author":[{"embeddable":true,"href":"https:\/\/informadorweb.com\/index.php?rest_route=\/wp\/v2\/users\/1"}],"replies":[{"embeddable":true,"href":"https:\/\/informadorweb.com\/index.php?rest_route=%2Fwp%2Fv2%2Fcomments&post=49540"}],"version-history":[{"count":1,"href":"https:\/\/informadorweb.com\/index.php?rest_route=\/wp\/v2\/posts\/49540\/revisions"}],"predecessor-version":[{"id":49541,"href":"https:\/\/informadorweb.com\/index.php?rest_route=\/wp\/v2\/posts\/49540\/revisions\/49541"}],"wp:attachment":[{"href":"https:\/\/informadorweb.com\/index.php?rest_route=%2Fwp%2Fv2%2Fmedia&parent=49540"}],"wp:term":[{"taxonomy":"category","embeddable":true,"href":"https:\/\/informadorweb.com\/index.php?rest_route=%2Fwp%2Fv2%2Fcategories&post=49540"},{"taxonomy":"post_tag","embeddable":true,"href":"https:\/\/informadorweb.com\/index.php?rest_route=%2Fwp%2Fv2%2Ftags&post=49540"}],"curies":[{"name":"wp","href":"https:\/\/api.w.org\/{rel}","templated":true}]}}