{"id":49528,"date":"2026-04-26T13:31:26","date_gmt":"2026-04-26T19:31:26","guid":{"rendered":"https:\/\/informadorweb.com\/?p=49528"},"modified":"2026-04-26T19:31:27","modified_gmt":"2026-04-26T19:31:27","slug":"avance-trump-dice-que-cancelo-viaje-de-representantes-de-eeuu-a-pakistan-para-conversaciones","status":"publish","type":"post","link":"https:\/\/informadorweb.com\/?p=49528","title":{"rendered":"Avance: Trump dice que cancel\u00f3 viaje de representantes de EEUU a Pakist\u00e1n para conversaciones"},"content":{"rendered":"<p>WASHINGTON, 25 abr (Xinhua) &#8212; El presidente de Estados Unidos, Donald Trump, anunci\u00f3 hoy s\u00e1bado en las redes sociales que acaba de cancelar el viaje de los representantes estadounidenses que se dirig\u00edan a Islamabad, Pakist\u00e1n, para reunirse con la parte iran\u00ed. \u00ab\u00a1Se perdi\u00f3 demasiado tiempo viajando, demasiado trabajo! Adem\u00e1s de eso, hay una tremenda lucha interna y confusi\u00f3n dentro de su &#8216;liderazgo&#8217;. Nadie sabe qui\u00e9n est\u00e1 a cargo, incluy\u00e9ndolos a ellos\u00bb, escribi\u00f3 Trump en una publicaci\u00f3n en la red social Truth Social. El presidente de Estados Unidos tambi\u00e9n afirm\u00f3 que \u00abnosotros tenemos todas las cartas, ellos ninguna\u00bb, y a\u00f1adi\u00f3 que \u00absi quieren hablar, todo lo que tienen que hacer es llamar\u00bb. M\u00e1s temprano hoy, Trump mencion\u00f3 a Fox News que hab\u00eda cancelado el viaje planeado de su yerno Jared Kushner y del enviado especial Steve Witkoff a Pakist\u00e1n. Fin<\/p>\n","protected":false},"excerpt":{"rendered":"<p>WASHINGTON, 25 abr (Xinhua) &#8212; El presidente de Estados Unidos, Donald Trump, anunci\u00f3 hoy s\u00e1bado&#8230;<\/p>\n","protected":false},"author":1,"featured_media":0,"comment_status":"closed","ping_status":"closed","sticky":false,"template":"","format":"standard","meta":{"footnotes":""},"categories":[2],"tags":[],"class_list":["post-49528","post","type-post","status-publish","format-standard","hentry","category-internacional"],"_links":{"self":[{"href":"https:\/\/informadorweb.com\/index.php?rest_route=\/wp\/v2\/posts\/49528","targetHints":{"allow":["GET"]}}],"collection":[{"href":"https:\/\/informadorweb.com\/index.php?rest_route=\/wp\/v2\/posts"}],"about":[{"href":"https:\/\/informadorweb.com\/index.php?rest_route=\/wp\/v2\/types\/post"}],"author":[{"embeddable":true,"href":"https:\/\/informadorweb.com\/index.php?rest_route=\/wp\/v2\/users\/1"}],"replies":[{"embeddable":true,"href":"https:\/\/informadorweb.com\/index.php?rest_route=%2Fwp%2Fv2%2Fcomments&post=49528"}],"version-history":[{"count":1,"href":"https:\/\/informadorweb.com\/index.php?rest_route=\/wp\/v2\/posts\/49528\/revisions"}],"predecessor-version":[{"id":49529,"href":"https:\/\/informadorweb.com\/index.php?rest_route=\/wp\/v2\/posts\/49528\/revisions\/49529"}],"wp:attachment":[{"href":"https:\/\/informadorweb.com\/index.php?rest_route=%2Fwp%2Fv2%2Fmedia&parent=49528"}],"wp:term":[{"taxonomy":"category","embeddable":true,"href":"https:\/\/informadorweb.com\/index.php?rest_route=%2Fwp%2Fv2%2Fcategories&post=49528"},{"taxonomy":"post_tag","embeddable":true,"href":"https:\/\/informadorweb.com\/index.php?rest_route=%2Fwp%2Fv2%2Ftags&post=49528"}],"curies":[{"name":"wp","href":"https:\/\/api.w.org\/{rel}","templated":true}]}}