{"id":49524,"date":"2026-04-26T13:30:04","date_gmt":"2026-04-26T19:30:04","guid":{"rendered":"https:\/\/informadorweb.com\/?p=49524"},"modified":"2026-04-26T19:30:05","modified_gmt":"2026-04-26T19:30:05","slug":"orban-dejara-parlamento-despues-de-derrota-electoral","status":"publish","type":"post","link":"https:\/\/informadorweb.com\/?p=49524","title":{"rendered":"Orban dejar\u00e1 Parlamento despu\u00e9s de derrota electoral"},"content":{"rendered":"<p>BUDAPEST, 25 abr (Xinhua) &#8212; El primer ministro de Hungr\u00eda, Viktor Orban, anunci\u00f3 hoy s\u00e1bado que renunciar\u00e1 a su mandato en el Parlamento, con lo que culmina con 36 a\u00f1os como miembro del Parlamento desde 1990, esto luego de la derrota de su partido en las elecciones parlamentarias del pasado 12 de abril. En un video publicado en redes sociales despu\u00e9s de una reuni\u00f3n con los dirigentes de su partido Fidesz, Orban dijo que su rol cambiar\u00eda de trabajo parlamentario a reorganizar la \u00abparte nacional\u00bb. A\u00f1adi\u00f3 que el grupo parlamentario del partido se someter\u00e1 a una \u00abtransformaci\u00f3n fundamental\u00bb, y confirm\u00f3 que Gergely Gulyas dirigir\u00e1 la nueva facci\u00f3n, la cual est\u00e1 programada para formarse el lunes. Orban se\u00f1al\u00f3 que devolver\u00eda el mandato que obtuvo como l\u00edder de la lista conjunta de Fidesz y del Partido Popular Dem\u00f3crata Cristiano, y argument\u00f3 que sus esfuerzos ahora son necesarios afuera del Parlamento con el fin de reconstruir la comunidad pol\u00edtica. Orban tambi\u00e9n anunci\u00f3 que el partido convocar\u00e1 una asamblea nacional la siguiente semana y adelantar\u00e1 la realizaci\u00f3n de su congreso de liderazgo a junio. Al reflexionar sobre sus casi cuatro d\u00e9cadas a cargo de la comunidad pol\u00edtica, Orban coment\u00f3 que el grupo ha experimentado tanto logros como retrocesos, pero que se mantuvo como \u00abla fuerza pol\u00edtica de Hungr\u00eda m\u00e1s unida y cohesiva\u00bb. Los dirigentes del partido Fidesz han propuesto que Orban contin\u00fae como presidente del partido, propuesta que est\u00e1 sujeta a aprobaci\u00f3n en el siguiente congreso. La sesi\u00f3n inaugural del nuevo Parlamento se llevar\u00e1 a cabo el 9 de mayo. Fin<\/p>\n","protected":false},"excerpt":{"rendered":"<p>BUDAPEST, 25 abr (Xinhua) &#8212; El primer ministro de Hungr\u00eda, Viktor Orban, anunci\u00f3 hoy s\u00e1bado&#8230;<\/p>\n","protected":false},"author":1,"featured_media":0,"comment_status":"closed","ping_status":"closed","sticky":false,"template":"","format":"standard","meta":{"footnotes":""},"categories":[2],"tags":[],"class_list":["post-49524","post","type-post","status-publish","format-standard","hentry","category-internacional"],"_links":{"self":[{"href":"https:\/\/informadorweb.com\/index.php?rest_route=\/wp\/v2\/posts\/49524","targetHints":{"allow":["GET"]}}],"collection":[{"href":"https:\/\/informadorweb.com\/index.php?rest_route=\/wp\/v2\/posts"}],"about":[{"href":"https:\/\/informadorweb.com\/index.php?rest_route=\/wp\/v2\/types\/post"}],"author":[{"embeddable":true,"href":"https:\/\/informadorweb.com\/index.php?rest_route=\/wp\/v2\/users\/1"}],"replies":[{"embeddable":true,"href":"https:\/\/informadorweb.com\/index.php?rest_route=%2Fwp%2Fv2%2Fcomments&post=49524"}],"version-history":[{"count":1,"href":"https:\/\/informadorweb.com\/index.php?rest_route=\/wp\/v2\/posts\/49524\/revisions"}],"predecessor-version":[{"id":49525,"href":"https:\/\/informadorweb.com\/index.php?rest_route=\/wp\/v2\/posts\/49524\/revisions\/49525"}],"wp:attachment":[{"href":"https:\/\/informadorweb.com\/index.php?rest_route=%2Fwp%2Fv2%2Fmedia&parent=49524"}],"wp:term":[{"taxonomy":"category","embeddable":true,"href":"https:\/\/informadorweb.com\/index.php?rest_route=%2Fwp%2Fv2%2Fcategories&post=49524"},{"taxonomy":"post_tag","embeddable":true,"href":"https:\/\/informadorweb.com\/index.php?rest_route=%2Fwp%2Fv2%2Ftags&post=49524"}],"curies":[{"name":"wp","href":"https:\/\/api.w.org\/{rel}","templated":true}]}}