{"id":49516,"date":"2026-04-26T13:28:19","date_gmt":"2026-04-26T19:28:19","guid":{"rendered":"https:\/\/informadorweb.com\/?p=49516"},"modified":"2026-04-26T19:28:20","modified_gmt":"2026-04-26T19:28:20","slug":"flash-trump-dice-que-cancelo-viaje-de-witkoff-y-kushner-a-pakistan-para-conversaciones-con-iran-senala-medio","status":"publish","type":"post","link":"https:\/\/informadorweb.com\/?p=49516","title":{"rendered":"Flash: Trump dice que cancel\u00f3 viaje de Witkoff y Kushner a Pakist\u00e1n para conversaciones con Ir\u00e1n, se\u00f1ala medio"},"content":{"rendered":"","protected":false},"excerpt":{"rendered":"","protected":false},"author":1,"featured_media":0,"comment_status":"closed","ping_status":"closed","sticky":false,"template":"","format":"standard","meta":{"footnotes":""},"categories":[2],"tags":[],"class_list":["post-49516","post","type-post","status-publish","format-standard","hentry","category-internacional"],"_links":{"self":[{"href":"https:\/\/informadorweb.com\/index.php?rest_route=\/wp\/v2\/posts\/49516","targetHints":{"allow":["GET"]}}],"collection":[{"href":"https:\/\/informadorweb.com\/index.php?rest_route=\/wp\/v2\/posts"}],"about":[{"href":"https:\/\/informadorweb.com\/index.php?rest_route=\/wp\/v2\/types\/post"}],"author":[{"embeddable":true,"href":"https:\/\/informadorweb.com\/index.php?rest_route=\/wp\/v2\/users\/1"}],"replies":[{"embeddable":true,"href":"https:\/\/informadorweb.com\/index.php?rest_route=%2Fwp%2Fv2%2Fcomments&post=49516"}],"version-history":[{"count":1,"href":"https:\/\/informadorweb.com\/index.php?rest_route=\/wp\/v2\/posts\/49516\/revisions"}],"predecessor-version":[{"id":49517,"href":"https:\/\/informadorweb.com\/index.php?rest_route=\/wp\/v2\/posts\/49516\/revisions\/49517"}],"wp:attachment":[{"href":"https:\/\/informadorweb.com\/index.php?rest_route=%2Fwp%2Fv2%2Fmedia&parent=49516"}],"wp:term":[{"taxonomy":"category","embeddable":true,"href":"https:\/\/informadorweb.com\/index.php?rest_route=%2Fwp%2Fv2%2Fcategories&post=49516"},{"taxonomy":"post_tag","embeddable":true,"href":"https:\/\/informadorweb.com\/index.php?rest_route=%2Fwp%2Fv2%2Ftags&post=49516"}],"curies":[{"name":"wp","href":"https:\/\/api.w.org\/{rel}","templated":true}]}}