{"id":49512,"date":"2026-04-26T13:27:45","date_gmt":"2026-04-26T19:27:45","guid":{"rendered":"https:\/\/informadorweb.com\/?p=49512"},"modified":"2026-04-26T19:27:46","modified_gmt":"2026-04-26T19:27:46","slug":"canciller-irani-podria-encabezar-delegacion-de-regreso-a-islamabad-indican-fuentes","status":"publish","type":"post","link":"https:\/\/informadorweb.com\/?p=49512","title":{"rendered":"Canciller iran\u00ed podr\u00eda encabezar delegaci\u00f3n de regreso a Islamabad, indican fuentes"},"content":{"rendered":"<div class=\"el-scrollbar__wrap\">\n<div class=\"el-scrollbar__view\">\n<div class=\"news-content\" data-v-e79c3ee4=\"\">ISLAMABAD, 25 abr (Xinhua) &#8212; El ministro de Relaciones Exteriores iran\u00ed, Seyed Abbas Araghchi, podr\u00eda encabezar una delegaci\u00f3n de regreso a Islamabad, la capital de Pakist\u00e1n, si los contactos en curso logran avances, indicaron fuentes paquistan\u00edes hoy s\u00e1bado a Xinhua. Fin<\/div>\n<\/div>\n<\/div>\n<div class=\"el-scrollbar__bar is-horizontal\"><\/div>\n","protected":false},"excerpt":{"rendered":"<p>ISLAMABAD, 25 abr (Xinhua) &#8212; El ministro de Relaciones Exteriores iran\u00ed, Seyed Abbas Araghchi, podr\u00eda&#8230;<\/p>\n","protected":false},"author":1,"featured_media":0,"comment_status":"closed","ping_status":"closed","sticky":false,"template":"","format":"standard","meta":{"footnotes":""},"categories":[2],"tags":[],"class_list":["post-49512","post","type-post","status-publish","format-standard","hentry","category-internacional"],"_links":{"self":[{"href":"https:\/\/informadorweb.com\/index.php?rest_route=\/wp\/v2\/posts\/49512","targetHints":{"allow":["GET"]}}],"collection":[{"href":"https:\/\/informadorweb.com\/index.php?rest_route=\/wp\/v2\/posts"}],"about":[{"href":"https:\/\/informadorweb.com\/index.php?rest_route=\/wp\/v2\/types\/post"}],"author":[{"embeddable":true,"href":"https:\/\/informadorweb.com\/index.php?rest_route=\/wp\/v2\/users\/1"}],"replies":[{"embeddable":true,"href":"https:\/\/informadorweb.com\/index.php?rest_route=%2Fwp%2Fv2%2Fcomments&post=49512"}],"version-history":[{"count":1,"href":"https:\/\/informadorweb.com\/index.php?rest_route=\/wp\/v2\/posts\/49512\/revisions"}],"predecessor-version":[{"id":49513,"href":"https:\/\/informadorweb.com\/index.php?rest_route=\/wp\/v2\/posts\/49512\/revisions\/49513"}],"wp:attachment":[{"href":"https:\/\/informadorweb.com\/index.php?rest_route=%2Fwp%2Fv2%2Fmedia&parent=49512"}],"wp:term":[{"taxonomy":"category","embeddable":true,"href":"https:\/\/informadorweb.com\/index.php?rest_route=%2Fwp%2Fv2%2Fcategories&post=49512"},{"taxonomy":"post_tag","embeddable":true,"href":"https:\/\/informadorweb.com\/index.php?rest_route=%2Fwp%2Fv2%2Ftags&post=49512"}],"curies":[{"name":"wp","href":"https:\/\/api.w.org\/{rel}","templated":true}]}}