{"id":49496,"date":"2026-04-26T13:24:44","date_gmt":"2026-04-26T19:24:44","guid":{"rendered":"https:\/\/informadorweb.com\/?p=49496"},"modified":"2026-04-26T19:24:45","modified_gmt":"2026-04-26T19:24:45","slug":"avance-primer-ministro-paquistani-y-canciller-irani-mantienen-conversaciones-en-islamabad","status":"publish","type":"post","link":"https:\/\/informadorweb.com\/?p=49496","title":{"rendered":"Avance: Primer ministro paquistan\u00ed y canciller iran\u00ed mantienen conversaciones en Islamabad"},"content":{"rendered":"<p>ISLAMABAD, 25 abr (Xinhua) &#8212; El primer ministro de Pakist\u00e1n, Muhammad Shehbaz Sharif, celebr\u00f3 hoy s\u00e1bado en Islamabad una reuni\u00f3n con el ministro de Asuntos Exteriores iran\u00ed, Seyed Abbas Araghchi, seg\u00fan inform\u00f3 su oficina. A la reuni\u00f3n tambi\u00e9n asistieron el vice primer ministro y ministro de Asuntos Exteriores paquistan\u00ed, Mohammad Ishaq Dar, y el jefe del Estado Mayor del Ej\u00e9rcito, mariscal de campo Syed Asim Munir, a\u00f1adi\u00f3 la oficina. Funcionarios de Pakist\u00e1n e Ir\u00e1n mantuvieron una serie de encuentros el viernes y este s\u00e1bado tras la llegada de la delegaci\u00f3n iran\u00ed encabezada por Araghchi, centrados en propuestas relacionadas con posibles conversaciones entre Teher\u00e1n y Washington, informaron hoy fuentes de Pakist\u00e1n. Las fuentes dijeron que la parte iran\u00ed enfatiz\u00f3 sus t\u00e9rminos y propuestas durante las conversaciones, al tiempo que se comprometi\u00f3 a seguir participando para trazar un futuro curso de compromiso diplom\u00e1tico que permita poner fin al conflicto. A \u00faltima hora del viernes se llev\u00f3 a cabo una reuni\u00f3n de alto nivel, en la que la delegaci\u00f3n iran\u00ed comparti\u00f3 su posici\u00f3n sobre demandas clave, as\u00ed como sus respuestas a propuestas transmitidas por Estados Unidos. Funcionarios paquistan\u00edes, actuando como mediadores, transmitieron mensajes de Washington, tras lo cual la delegaci\u00f3n iran\u00ed present\u00f3 sus puntos de vista antes de concluir la sesi\u00f3n. Las discusiones continuaron este s\u00e1bado. La delegaci\u00f3n iran\u00ed particip\u00f3 en m\u00faltiples rondas de reuniones con los mediadores paquistan\u00edes para revisar las respuestas de ambas partes y evaluar posibles pr\u00f3ximos pasos. Seg\u00fan las mismas fuentes, la parte iran\u00ed elogi\u00f3 el liderazgo de Pakist\u00e1n por sus \u00abincansables y sinceros esfuerzos\u00bb destinados a promover la paz y la estabilidad en la regi\u00f3n. Fin<\/p>\n","protected":false},"excerpt":{"rendered":"<p>ISLAMABAD, 25 abr (Xinhua) &#8212; El primer ministro de Pakist\u00e1n, Muhammad Shehbaz Sharif, celebr\u00f3 hoy&#8230;<\/p>\n","protected":false},"author":1,"featured_media":0,"comment_status":"closed","ping_status":"closed","sticky":false,"template":"","format":"standard","meta":{"footnotes":""},"categories":[2],"tags":[],"class_list":["post-49496","post","type-post","status-publish","format-standard","hentry","category-internacional"],"_links":{"self":[{"href":"https:\/\/informadorweb.com\/index.php?rest_route=\/wp\/v2\/posts\/49496","targetHints":{"allow":["GET"]}}],"collection":[{"href":"https:\/\/informadorweb.com\/index.php?rest_route=\/wp\/v2\/posts"}],"about":[{"href":"https:\/\/informadorweb.com\/index.php?rest_route=\/wp\/v2\/types\/post"}],"author":[{"embeddable":true,"href":"https:\/\/informadorweb.com\/index.php?rest_route=\/wp\/v2\/users\/1"}],"replies":[{"embeddable":true,"href":"https:\/\/informadorweb.com\/index.php?rest_route=%2Fwp%2Fv2%2Fcomments&post=49496"}],"version-history":[{"count":1,"href":"https:\/\/informadorweb.com\/index.php?rest_route=\/wp\/v2\/posts\/49496\/revisions"}],"predecessor-version":[{"id":49497,"href":"https:\/\/informadorweb.com\/index.php?rest_route=\/wp\/v2\/posts\/49496\/revisions\/49497"}],"wp:attachment":[{"href":"https:\/\/informadorweb.com\/index.php?rest_route=%2Fwp%2Fv2%2Fmedia&parent=49496"}],"wp:term":[{"taxonomy":"category","embeddable":true,"href":"https:\/\/informadorweb.com\/index.php?rest_route=%2Fwp%2Fv2%2Fcategories&post=49496"},{"taxonomy":"post_tag","embeddable":true,"href":"https:\/\/informadorweb.com\/index.php?rest_route=%2Fwp%2Fv2%2Ftags&post=49496"}],"curies":[{"name":"wp","href":"https:\/\/api.w.org\/{rel}","templated":true}]}}