{"id":49464,"date":"2026-04-26T10:34:21","date_gmt":"2026-04-26T16:34:21","guid":{"rendered":"https:\/\/informadorweb.com\/?p=49464"},"modified":"2026-04-26T16:34:22","modified_gmt":"2026-04-26T16:34:22","slug":"alemania-desplegara-unidades-navales-en-el-mediterraneo-segun-ministro-de-defensa","status":"publish","type":"post","link":"https:\/\/informadorweb.com\/?p=49464","title":{"rendered":"Alemania desplegar\u00e1 unidades navales en el Mediterr\u00e1neo, seg\u00fan ministro de Defensa"},"content":{"rendered":"<p>BERL\u00cdN, 25 abr (Xinhua) &#8212; Alemania desplegar\u00e1 unidades navales en el Mediterr\u00e1neo como preparaci\u00f3n para posibles misiones en el estrecho de Ormuz, indic\u00f3 el ministro de Defensa, Boris Pistorius, en declaraciones recogidas hoy s\u00e1bado por el diario Rheinische Post. A\u00f1adi\u00f3, sin precisar un plazo, que se desplegar\u00e1 un cazaminas, junto a un buque de mando y abastecimiento. Fin<\/p>\n","protected":false},"excerpt":{"rendered":"<p>BERL\u00cdN, 25 abr (Xinhua) &#8212; Alemania desplegar\u00e1 unidades navales en el Mediterr\u00e1neo como preparaci\u00f3n para&#8230;<\/p>\n","protected":false},"author":1,"featured_media":0,"comment_status":"closed","ping_status":"closed","sticky":false,"template":"","format":"standard","meta":{"footnotes":""},"categories":[2],"tags":[],"class_list":["post-49464","post","type-post","status-publish","format-standard","hentry","category-internacional"],"_links":{"self":[{"href":"https:\/\/informadorweb.com\/index.php?rest_route=\/wp\/v2\/posts\/49464","targetHints":{"allow":["GET"]}}],"collection":[{"href":"https:\/\/informadorweb.com\/index.php?rest_route=\/wp\/v2\/posts"}],"about":[{"href":"https:\/\/informadorweb.com\/index.php?rest_route=\/wp\/v2\/types\/post"}],"author":[{"embeddable":true,"href":"https:\/\/informadorweb.com\/index.php?rest_route=\/wp\/v2\/users\/1"}],"replies":[{"embeddable":true,"href":"https:\/\/informadorweb.com\/index.php?rest_route=%2Fwp%2Fv2%2Fcomments&post=49464"}],"version-history":[{"count":1,"href":"https:\/\/informadorweb.com\/index.php?rest_route=\/wp\/v2\/posts\/49464\/revisions"}],"predecessor-version":[{"id":49465,"href":"https:\/\/informadorweb.com\/index.php?rest_route=\/wp\/v2\/posts\/49464\/revisions\/49465"}],"wp:attachment":[{"href":"https:\/\/informadorweb.com\/index.php?rest_route=%2Fwp%2Fv2%2Fmedia&parent=49464"}],"wp:term":[{"taxonomy":"category","embeddable":true,"href":"https:\/\/informadorweb.com\/index.php?rest_route=%2Fwp%2Fv2%2Fcategories&post=49464"},{"taxonomy":"post_tag","embeddable":true,"href":"https:\/\/informadorweb.com\/index.php?rest_route=%2Fwp%2Fv2%2Ftags&post=49464"}],"curies":[{"name":"wp","href":"https:\/\/api.w.org\/{rel}","templated":true}]}}