{"id":49003,"date":"2026-04-25T10:20:33","date_gmt":"2026-04-25T16:20:33","guid":{"rendered":"https:\/\/informadorweb.com\/?p=49003"},"modified":"2026-04-25T16:20:34","modified_gmt":"2026-04-25T16:20:34","slug":"ampliacion-delegacion-irani-encabezada-por-canciller-llega-a-pakistan-para-conversaciones","status":"publish","type":"post","link":"https:\/\/informadorweb.com\/?p=49003","title":{"rendered":"Ampliaci\u00f3n: Delegaci\u00f3n iran\u00ed, encabezada por canciller, llega a Pakist\u00e1n para conversaciones"},"content":{"rendered":"<p>ISLAMABAD, 24 abr (Xinhua) &#8212; Una delegaci\u00f3n iran\u00ed encabezada por el ministro de Relaciones Exteriores, Seyed Abbas Araghchi, lleg\u00f3 hoy viernes por la noche a Pakist\u00e1n, para discutir acontecimientos regionales y los actuales esfuerzos de paz, inform\u00f3 un vocero del Ministerio de Relaciones Exteriores de Pakist\u00e1n. El vocero, Tahir Andrabi, dijo en X que Araghchi tiene planeado reunirse con los dirigentes pakistan\u00edes para intercambiar puntos de vista sobre la evoluci\u00f3n de la situaci\u00f3n regional y sobre los esfuerzos encaminados a promover la paz y la estabilidad. A su llegada, el canciller iran\u00ed fue recibido por el vice primer ministro y ministro de Relaciones Exteriores de Pakist\u00e1n, Ishaq Dar, y por el jefe de Estado Mayor, el mariscal de campo Syed Asim Munir, adem\u00e1s de otros importantes funcionarios. Hoy con anterioridad, Araghchi confirm\u00f3 en un mensaje en la red social X que su gira por la regi\u00f3n incluye escalas en Islamabad, Mascate y Mosc\u00fa. Fin<\/p>\n","protected":false},"excerpt":{"rendered":"<p>ISLAMABAD, 24 abr (Xinhua) &#8212; Una delegaci\u00f3n iran\u00ed encabezada por el ministro de Relaciones Exteriores,&#8230;<\/p>\n","protected":false},"author":1,"featured_media":0,"comment_status":"closed","ping_status":"closed","sticky":false,"template":"","format":"standard","meta":{"footnotes":""},"categories":[2],"tags":[],"class_list":["post-49003","post","type-post","status-publish","format-standard","hentry","category-internacional"],"_links":{"self":[{"href":"https:\/\/informadorweb.com\/index.php?rest_route=\/wp\/v2\/posts\/49003","targetHints":{"allow":["GET"]}}],"collection":[{"href":"https:\/\/informadorweb.com\/index.php?rest_route=\/wp\/v2\/posts"}],"about":[{"href":"https:\/\/informadorweb.com\/index.php?rest_route=\/wp\/v2\/types\/post"}],"author":[{"embeddable":true,"href":"https:\/\/informadorweb.com\/index.php?rest_route=\/wp\/v2\/users\/1"}],"replies":[{"embeddable":true,"href":"https:\/\/informadorweb.com\/index.php?rest_route=%2Fwp%2Fv2%2Fcomments&post=49003"}],"version-history":[{"count":1,"href":"https:\/\/informadorweb.com\/index.php?rest_route=\/wp\/v2\/posts\/49003\/revisions"}],"predecessor-version":[{"id":49004,"href":"https:\/\/informadorweb.com\/index.php?rest_route=\/wp\/v2\/posts\/49003\/revisions\/49004"}],"wp:attachment":[{"href":"https:\/\/informadorweb.com\/index.php?rest_route=%2Fwp%2Fv2%2Fmedia&parent=49003"}],"wp:term":[{"taxonomy":"category","embeddable":true,"href":"https:\/\/informadorweb.com\/index.php?rest_route=%2Fwp%2Fv2%2Fcategories&post=49003"},{"taxonomy":"post_tag","embeddable":true,"href":"https:\/\/informadorweb.com\/index.php?rest_route=%2Fwp%2Fv2%2Ftags&post=49003"}],"curies":[{"name":"wp","href":"https:\/\/api.w.org\/{rel}","templated":true}]}}