{"id":48995,"date":"2026-04-25T10:18:53","date_gmt":"2026-04-25T16:18:53","guid":{"rendered":"https:\/\/informadorweb.com\/?p=48995"},"modified":"2026-04-25T16:18:54","modified_gmt":"2026-04-25T16:18:54","slug":"ampliacion-canciller-irani-transmitira-en-viaje-a-pakistan-consideraciones-de-iran-para-poner-fin-a-guerra-segun-informes","status":"publish","type":"post","link":"https:\/\/informadorweb.com\/?p=48995","title":{"rendered":"Ampliaci\u00f3n: Canciller iran\u00ed transmitir\u00e1 en viaje a Pakist\u00e1n consideraciones de Ir\u00e1n para poner fin a guerra, seg\u00fan informes"},"content":{"rendered":"<p>TEHER\u00c1N, 24 abr (Xinhua) &#8212; El ministro de Relaciones Exteriores de Ir\u00e1n, Seyed Abbas Araghchi, transmitir\u00e1 las consideraciones de Ir\u00e1n en relaci\u00f3n con el fin de la guerra con Estados Unidos e Israel durante su visita a Islamabad, la capital de Pakist\u00e1n, inform\u00f3 hoy viernes la agencia de noticias semioficial Tasnim. Al frente de una delegaci\u00f3n diplom\u00e1tica, Araghchi tiene previsto visitar Pakist\u00e1n, Om\u00e1n y Rusia, seg\u00fan informes, y el reporte a\u00f1adi\u00f3 que las visitas buscan garantizar una estrecha coordinaci\u00f3n con los socios de Ir\u00e1n en relaci\u00f3n con asuntos bilaterales, as\u00ed como celebrar consultas respecto de los acontecimientos regionales m\u00e1s recientes. De acuerdo con Tasnim, en la capital oman\u00ed de Mascate, el ministro iran\u00ed de Relaciones Exteriores discutir\u00e1 asuntos regionales y la guerra; en Rusia, Araghchi sostendr\u00e1 consultas sobre los m\u00e1s recientes acontecimientos concernientes a asuntos bilaterales, regionales e internacionales. En una publicaci\u00f3n sobre su gira hecha hoy en la red social X, Araghchi dijo que \u00abme dispongo a emprender una oportuna gira por Islamabad, Mascate y Mosc\u00fa. El prop\u00f3sito de mis visitas es coordinarme estrechamente con nuestros socios en asuntos bilaterales y entablar consultas sobre acontecimientos regionales. Nuestros vecinos son nuestra prioridad\u00bb. Tasnim tambi\u00e9n inform\u00f3 que Ir\u00e1n no planea actualmente negociar con Estados Unidos y que la visita de Araghchi a Islamabad no tiene como fin conversar con la parte estadounidense. El 28 de febrero, Israel y Estados Unidos lanzaron ataques conjuntos contra Teher\u00e1n y otras ciudades iran\u00edes, en los que murieron el entonces l\u00edder supremo iran\u00ed Ali Jamenei, importantes comandantes y civiles. Ir\u00e1n respondi\u00f3 con una serie de ataques con misiles y drones contra bases y activos israel\u00edes y estadounidenses en Medio Oriente. El 8 de abril, las partes en disputa alcanzaron un cese al fuego que fue seguido de prolongadas conversaciones entre las delegaciones de Ir\u00e1n y Estados Unidos el 11 y el 12 de abril en Islamabad. Despu\u00e9s de que fracasaron las negociaciones de paz en Islamabad, Estados Unidos impuso un bloqueo contra el estrecho de Ormuz que evita que los buques viajen desde y hacia puertos iran\u00edes a trav\u00e9s de esta v\u00eda navegable. Seg\u00fan informes, se esperaba que las delegaciones iran\u00ed y estadounidense celebraran otra ronda de conversaciones de paz esta semana en Pakist\u00e1n, pero Ir\u00e1n se abstuvo de asistir para lo que cit\u00f3 el continuo bloqueo naval y las exigencias \u00abexcesivas\u00bb de Estados Unidos como los principales motivos. Fin<\/p>\n","protected":false},"excerpt":{"rendered":"<p>TEHER\u00c1N, 24 abr (Xinhua) &#8212; El ministro de Relaciones Exteriores de Ir\u00e1n, Seyed Abbas Araghchi,&#8230;<\/p>\n","protected":false},"author":1,"featured_media":0,"comment_status":"closed","ping_status":"closed","sticky":false,"template":"","format":"standard","meta":{"footnotes":""},"categories":[2],"tags":[],"class_list":["post-48995","post","type-post","status-publish","format-standard","hentry","category-internacional"],"_links":{"self":[{"href":"https:\/\/informadorweb.com\/index.php?rest_route=\/wp\/v2\/posts\/48995","targetHints":{"allow":["GET"]}}],"collection":[{"href":"https:\/\/informadorweb.com\/index.php?rest_route=\/wp\/v2\/posts"}],"about":[{"href":"https:\/\/informadorweb.com\/index.php?rest_route=\/wp\/v2\/types\/post"}],"author":[{"embeddable":true,"href":"https:\/\/informadorweb.com\/index.php?rest_route=\/wp\/v2\/users\/1"}],"replies":[{"embeddable":true,"href":"https:\/\/informadorweb.com\/index.php?rest_route=%2Fwp%2Fv2%2Fcomments&post=48995"}],"version-history":[{"count":1,"href":"https:\/\/informadorweb.com\/index.php?rest_route=\/wp\/v2\/posts\/48995\/revisions"}],"predecessor-version":[{"id":48996,"href":"https:\/\/informadorweb.com\/index.php?rest_route=\/wp\/v2\/posts\/48995\/revisions\/48996"}],"wp:attachment":[{"href":"https:\/\/informadorweb.com\/index.php?rest_route=%2Fwp%2Fv2%2Fmedia&parent=48995"}],"wp:term":[{"taxonomy":"category","embeddable":true,"href":"https:\/\/informadorweb.com\/index.php?rest_route=%2Fwp%2Fv2%2Fcategories&post=48995"},{"taxonomy":"post_tag","embeddable":true,"href":"https:\/\/informadorweb.com\/index.php?rest_route=%2Fwp%2Fv2%2Ftags&post=48995"}],"curies":[{"name":"wp","href":"https:\/\/api.w.org\/{rel}","templated":true}]}}