{"id":48905,"date":"2026-04-25T09:25:04","date_gmt":"2026-04-25T15:25:04","guid":{"rendered":"https:\/\/informadorweb.com\/?p=48905"},"modified":"2026-04-25T15:25:05","modified_gmt":"2026-04-25T15:25:05","slug":"ministros-de-exteriores-paquistani-e-irani-conversan-por-telefono-sobre-situacion-regional-y-esfuerzos-diplomaticos","status":"publish","type":"post","link":"https:\/\/informadorweb.com\/?p=48905","title":{"rendered":"Ministros de Exteriores paquistan\u00ed e iran\u00ed conversan por tel\u00e9fono sobre situaci\u00f3n regional y esfuerzos diplom\u00e1ticos"},"content":{"rendered":"<p>ISLAMABAD, 24 abr (Xinhua) &#8212; El vice primer ministro y ministro de Asuntos Exteriores paquistan\u00ed, Mohammad Ishaq Dar, mantuvo hoy viernes una conversaci\u00f3n telef\u00f3nica con el canciller iran\u00ed, Seyed Abbas Araghchi, en la que subray\u00f3 la importancia de un di\u00e1logo y colaboraci\u00f3n continuados para abordar los asuntos pendientes, a fin de promover lo antes posible la paz y la estabilidad regionales. La Canciller\u00eda de Pakist\u00e1n se\u00f1al\u00f3 en un comunicado que ambas partes intercambiaron puntos de vista sobre la actual situaci\u00f3n regional, incluido el alto el fuego, as\u00ed como los esfuerzos efectuados por Islamabad en el contexto de los contactos entre Washington y Teher\u00e1n. Araghchi agradeci\u00f3 a Pakist\u00e1n el papel coherente y constructivo a la hora de facilitar esfuerzos diplom\u00e1ticos, seg\u00fan la nota. Ambas partes acordaron seguir manteni\u00e9ndose en contacto cercano respecto a la evoluci\u00f3n de la situaci\u00f3n. Fin<\/p>\n","protected":false},"excerpt":{"rendered":"<p>ISLAMABAD, 24 abr (Xinhua) &#8212; El vice primer ministro y ministro de Asuntos Exteriores paquistan\u00ed,&#8230;<\/p>\n","protected":false},"author":1,"featured_media":0,"comment_status":"closed","ping_status":"closed","sticky":false,"template":"","format":"standard","meta":{"footnotes":""},"categories":[2],"tags":[],"class_list":["post-48905","post","type-post","status-publish","format-standard","hentry","category-internacional"],"_links":{"self":[{"href":"https:\/\/informadorweb.com\/index.php?rest_route=\/wp\/v2\/posts\/48905","targetHints":{"allow":["GET"]}}],"collection":[{"href":"https:\/\/informadorweb.com\/index.php?rest_route=\/wp\/v2\/posts"}],"about":[{"href":"https:\/\/informadorweb.com\/index.php?rest_route=\/wp\/v2\/types\/post"}],"author":[{"embeddable":true,"href":"https:\/\/informadorweb.com\/index.php?rest_route=\/wp\/v2\/users\/1"}],"replies":[{"embeddable":true,"href":"https:\/\/informadorweb.com\/index.php?rest_route=%2Fwp%2Fv2%2Fcomments&post=48905"}],"version-history":[{"count":1,"href":"https:\/\/informadorweb.com\/index.php?rest_route=\/wp\/v2\/posts\/48905\/revisions"}],"predecessor-version":[{"id":48906,"href":"https:\/\/informadorweb.com\/index.php?rest_route=\/wp\/v2\/posts\/48905\/revisions\/48906"}],"wp:attachment":[{"href":"https:\/\/informadorweb.com\/index.php?rest_route=%2Fwp%2Fv2%2Fmedia&parent=48905"}],"wp:term":[{"taxonomy":"category","embeddable":true,"href":"https:\/\/informadorweb.com\/index.php?rest_route=%2Fwp%2Fv2%2Fcategories&post=48905"},{"taxonomy":"post_tag","embeddable":true,"href":"https:\/\/informadorweb.com\/index.php?rest_route=%2Fwp%2Fv2%2Ftags&post=48905"}],"curies":[{"name":"wp","href":"https:\/\/api.w.org\/{rel}","templated":true}]}}