{"id":48895,"date":"2026-04-25T09:23:36","date_gmt":"2026-04-25T15:23:36","guid":{"rendered":"https:\/\/informadorweb.com\/?p=48895"},"modified":"2026-04-25T15:23:37","modified_gmt":"2026-04-25T15:23:37","slug":"urgente-se-espera-que-una-delegacion-irani-encabezada-por-el-canciller-araghchi-llegue-a-pakistan-este-viernes","status":"publish","type":"post","link":"https:\/\/informadorweb.com\/?p=48895","title":{"rendered":"Urgente: Se espera que una delegaci\u00f3n iran\u00ed encabezada por el canciller Araghchi llegue a Pakist\u00e1n este viernes"},"content":{"rendered":"<div class=\"el-scrollbar__wrap\">\n<div class=\"el-scrollbar__view\">\n<div class=\"news-content\" data-v-e79c3ee4=\"\">ISLAMABAD, 24 abr (Xinhua) &#8212; Una delegaci\u00f3n iran\u00ed, encabezada por el ministro de Asuntos Exteriores del pa\u00eds, Seyed Abbas Araghchi, tiene previsto llegar a Pakist\u00e1n este viernes, informaron medios estatales paquistan\u00edes, citando a fuentes del Gobierno. Fin<\/div>\n<\/div>\n<\/div>\n<div class=\"el-scrollbar__bar is-horizontal\"><\/div>\n","protected":false},"excerpt":{"rendered":"<p>ISLAMABAD, 24 abr (Xinhua) &#8212; Una delegaci\u00f3n iran\u00ed, encabezada por el ministro de Asuntos Exteriores&#8230;<\/p>\n","protected":false},"author":1,"featured_media":0,"comment_status":"closed","ping_status":"closed","sticky":false,"template":"","format":"standard","meta":{"footnotes":""},"categories":[2],"tags":[],"class_list":["post-48895","post","type-post","status-publish","format-standard","hentry","category-internacional"],"_links":{"self":[{"href":"https:\/\/informadorweb.com\/index.php?rest_route=\/wp\/v2\/posts\/48895","targetHints":{"allow":["GET"]}}],"collection":[{"href":"https:\/\/informadorweb.com\/index.php?rest_route=\/wp\/v2\/posts"}],"about":[{"href":"https:\/\/informadorweb.com\/index.php?rest_route=\/wp\/v2\/types\/post"}],"author":[{"embeddable":true,"href":"https:\/\/informadorweb.com\/index.php?rest_route=\/wp\/v2\/users\/1"}],"replies":[{"embeddable":true,"href":"https:\/\/informadorweb.com\/index.php?rest_route=%2Fwp%2Fv2%2Fcomments&post=48895"}],"version-history":[{"count":1,"href":"https:\/\/informadorweb.com\/index.php?rest_route=\/wp\/v2\/posts\/48895\/revisions"}],"predecessor-version":[{"id":48896,"href":"https:\/\/informadorweb.com\/index.php?rest_route=\/wp\/v2\/posts\/48895\/revisions\/48896"}],"wp:attachment":[{"href":"https:\/\/informadorweb.com\/index.php?rest_route=%2Fwp%2Fv2%2Fmedia&parent=48895"}],"wp:term":[{"taxonomy":"category","embeddable":true,"href":"https:\/\/informadorweb.com\/index.php?rest_route=%2Fwp%2Fv2%2Fcategories&post=48895"},{"taxonomy":"post_tag","embeddable":true,"href":"https:\/\/informadorweb.com\/index.php?rest_route=%2Fwp%2Fv2%2Ftags&post=48895"}],"curies":[{"name":"wp","href":"https:\/\/api.w.org\/{rel}","templated":true}]}}