{"id":48889,"date":"2026-04-25T09:22:50","date_gmt":"2026-04-25T15:22:50","guid":{"rendered":"https:\/\/informadorweb.com\/?p=48889"},"modified":"2026-04-25T15:22:51","modified_gmt":"2026-04-25T15:22:51","slug":"china-expandira-la-apertura-para-ofrecer-mas-oportunidades-a-empresas-extranjeras-afirma-ministro-de-comercio-chino","status":"publish","type":"post","link":"https:\/\/informadorweb.com\/?p=48889","title":{"rendered":"China expandir\u00e1 la apertura para ofrecer m\u00e1s oportunidades a empresas extranjeras, afirma ministro de Comercio chino"},"content":{"rendered":"<p>BEIJING, 24 abr (Xinhua) &#8212; China continuar\u00e1 expandiendo la apertura de alto nivel, acelerar\u00e1 el desarrollo de nuevas fuerzas productivas de calidad y promover\u00e1 la modernizaci\u00f3n industrial hacia un desarrollo verde, inteligente y de alta gama, inform\u00f3 el jueves el ministro de Comercio chino, Wang Wentao. De tal modo, empresas extranjeras, como Mercedes-Benz, podr\u00e1n encontrar un panorama estable ante sus expectativas y, al mismo tiempo, se les brindar\u00e1n amplias oportunidades para echar ra\u00edces en China y competir a nivel mundial, se\u00f1al\u00f3 Wang durante una reuni\u00f3n con Ola Kallenius, presidente tanto de la Asociaci\u00f3n de Fabricantes de Autom\u00f3viles Europeos como de la junta directiva de Mercedes-Benz Group AG. Las dos partes intercambiaron puntos de vista sobre la cooperaci\u00f3n entre China y la Uni\u00f3n Europea (UE) en el sector automotriz, como tambi\u00e9n acerca de las restricciones econ\u00f3micas y comerciales impuestas por el bloque al pa\u00eds asi\u00e1tico. Wang enfatiz\u00f3 que la resoluci\u00f3n del caso relacionado con los veh\u00edculos el\u00e9ctricos entre China y la UE envi\u00f3 una clara se\u00f1al al mundo de que ambas partes tienen la voluntad y la capacidad de resolver las diferencias a trav\u00e9s del di\u00e1logo. Sin embargo, con la reciente introducci\u00f3n por parte de la UE de una serie de restricciones econ\u00f3micas y comerciales de car\u00e1cter proteccionista, se ha causado un da\u00f1o sustancial a las relaciones bilaterales en estos dos campos, coment\u00f3 el titular de la cartera. China ha expresado sus serias preocupaciones y ha dejado en claro que salvaguardar\u00e1 firmemente los derechos e intereses leg\u00edtimos de las empresas del pa\u00eds, record\u00f3 el ministro e inst\u00f3 a Mercedes-Benz y a la industria automotriz europea en general a alzar la voz y pedir al bloque la modificaci\u00f3n de las medidas inapropiadas, con el fin de crear un entorno de mercado equitativo, justo y no discriminatorio para las firmas chinas y europeas. Kallenius destac\u00f3 las oportunidades ofrecidas por China y anticip\u00f3 que Mercedes-Benz incrementar\u00e1 su inversi\u00f3n all\u00ed y profundizar\u00e1 la cooperaci\u00f3n con sus socios chinos. A\u00f1adi\u00f3 que la industria automovil\u00edstica europea valora su cooperaci\u00f3n con el pa\u00eds y est\u00e1 dispuesta a seguir desempe\u00f1ando un papel constructivo para apoyar a ambas partes en la resoluci\u00f3n de las fricciones comerciales a trav\u00e9s del di\u00e1logo y las consultas. Fin<\/p>\n","protected":false},"excerpt":{"rendered":"<p>BEIJING, 24 abr (Xinhua) &#8212; China continuar\u00e1 expandiendo la apertura de alto nivel, acelerar\u00e1 el&#8230;<\/p>\n","protected":false},"author":1,"featured_media":0,"comment_status":"closed","ping_status":"closed","sticky":false,"template":"","format":"standard","meta":{"footnotes":""},"categories":[2],"tags":[],"class_list":["post-48889","post","type-post","status-publish","format-standard","hentry","category-internacional"],"_links":{"self":[{"href":"https:\/\/informadorweb.com\/index.php?rest_route=\/wp\/v2\/posts\/48889","targetHints":{"allow":["GET"]}}],"collection":[{"href":"https:\/\/informadorweb.com\/index.php?rest_route=\/wp\/v2\/posts"}],"about":[{"href":"https:\/\/informadorweb.com\/index.php?rest_route=\/wp\/v2\/types\/post"}],"author":[{"embeddable":true,"href":"https:\/\/informadorweb.com\/index.php?rest_route=\/wp\/v2\/users\/1"}],"replies":[{"embeddable":true,"href":"https:\/\/informadorweb.com\/index.php?rest_route=%2Fwp%2Fv2%2Fcomments&post=48889"}],"version-history":[{"count":1,"href":"https:\/\/informadorweb.com\/index.php?rest_route=\/wp\/v2\/posts\/48889\/revisions"}],"predecessor-version":[{"id":48890,"href":"https:\/\/informadorweb.com\/index.php?rest_route=\/wp\/v2\/posts\/48889\/revisions\/48890"}],"wp:attachment":[{"href":"https:\/\/informadorweb.com\/index.php?rest_route=%2Fwp%2Fv2%2Fmedia&parent=48889"}],"wp:term":[{"taxonomy":"category","embeddable":true,"href":"https:\/\/informadorweb.com\/index.php?rest_route=%2Fwp%2Fv2%2Fcategories&post=48889"},{"taxonomy":"post_tag","embeddable":true,"href":"https:\/\/informadorweb.com\/index.php?rest_route=%2Fwp%2Fv2%2Ftags&post=48889"}],"curies":[{"name":"wp","href":"https:\/\/api.w.org\/{rel}","templated":true}]}}