{"id":27048,"date":"2026-03-17T14:12:48","date_gmt":"2026-03-17T20:12:48","guid":{"rendered":"https:\/\/informadorweb.com\/?p=27048"},"modified":"2026-03-17T20:12:49","modified_gmt":"2026-03-17T20:12:49","slug":"ataque-aereo-de-pakistan-alcanza-un-hospital-en-kabul-y-causa-400-muertos-segun-funcionario-afgano","status":"publish","type":"post","link":"https:\/\/informadorweb.com\/?p=27048","title":{"rendered":"Ataque a\u00e9reo de Pakist\u00e1n alcanza un hospital en Kabul y causa 400 muertos, seg\u00fan funcionario afgano"},"content":{"rendered":"<div class=\"el-scrollbar__wrap\">\n<div class=\"el-scrollbar__view\">\n<div class=\"news-content\" data-v-e79c3ee4=\"\">KABUL\/ISLAMABAD, 17 mar (Xinhua) &#8212; La fuerza a\u00e9rea de Pakist\u00e1n llev\u00f3 a cabo un ataque la noche del lunes contra un hospital de tratamiento de adicciones en Kabul, capital afgana, que dej\u00f3 al menos 400 muertos y alrededor de 250 heridos, inform\u00f3 hoy martes un funcionario afgano. Hamdullah Fitrat, portavoz adjunto del Gobierno afgano, se\u00f1al\u00f3 en un comunicado publicado en la red social X que el bombardeo, lanzado alrededor de las 21:00 hora local del lunes, impact\u00f3 el Hospital de Tratamiento de Adicciones Omid, en Kabul. El centro m\u00e9dico, con capacidad para 2.000 camas y dedicado a la atenci\u00f3n de pacientes con adicciones a drogas, qued\u00f3 en gran parte destruido tras el ataque, indic\u00f3 Fitrat, quien advirti\u00f3 que el n\u00famero de v\u00edctimas podr\u00eda aumentar. Seg\u00fan el funcionario, el bombardeo provoc\u00f3 un incendio de gran magnitud en el hospital. Equipos de rescate trabajan para controlar las llamas y recuperar los cuerpos de las v\u00edctimas que permanecen entre los escombros. Por su parte, Pakist\u00e1n rechaz\u00f3 el lunes las acusaciones del Gobierno afgano y asegur\u00f3 que sus fuerzas atacaron instalaciones militares e infraestructuras de apoyo a grupos terroristas en territorio afgano. De acuerdo con el Ministerio de Informaci\u00f3n y Radiodifusi\u00f3n de Pakist\u00e1n, las fuerzas de seguridad del pa\u00eds atacaron con precisi\u00f3n dep\u00f3sitos de equipos t\u00e9cnicos y de municiones en Kabul y en la provincia afgana de Nangarhar, que habr\u00edan sido utilizados en acciones contra ciudadanos pakistan\u00edes. Las tensiones entre Afganist\u00e1n y Pakist\u00e1n se han intensificado considerablemente desde los enfrentamientos registrados a lo largo de su frontera a finales del mes pasado. Decenas de personas de ambos lados han muerto o han resultado heridas, seg\u00fan autoridades de ambos pa\u00edses. Fin<\/div>\n<\/div>\n<\/div>\n<div class=\"el-scrollbar__bar is-horizontal\"><\/div>\n","protected":false},"excerpt":{"rendered":"<p>KABUL\/ISLAMABAD, 17 mar (Xinhua) &#8212; La fuerza a\u00e9rea de Pakist\u00e1n llev\u00f3 a cabo un ataque&#8230;<\/p>\n","protected":false},"author":1,"featured_media":0,"comment_status":"closed","ping_status":"closed","sticky":false,"template":"","format":"standard","meta":{"footnotes":""},"categories":[2],"tags":[],"class_list":["post-27048","post","type-post","status-publish","format-standard","hentry","category-internacional"],"_links":{"self":[{"href":"https:\/\/informadorweb.com\/index.php?rest_route=\/wp\/v2\/posts\/27048","targetHints":{"allow":["GET"]}}],"collection":[{"href":"https:\/\/informadorweb.com\/index.php?rest_route=\/wp\/v2\/posts"}],"about":[{"href":"https:\/\/informadorweb.com\/index.php?rest_route=\/wp\/v2\/types\/post"}],"author":[{"embeddable":true,"href":"https:\/\/informadorweb.com\/index.php?rest_route=\/wp\/v2\/users\/1"}],"replies":[{"embeddable":true,"href":"https:\/\/informadorweb.com\/index.php?rest_route=%2Fwp%2Fv2%2Fcomments&post=27048"}],"version-history":[{"count":1,"href":"https:\/\/informadorweb.com\/index.php?rest_route=\/wp\/v2\/posts\/27048\/revisions"}],"predecessor-version":[{"id":27049,"href":"https:\/\/informadorweb.com\/index.php?rest_route=\/wp\/v2\/posts\/27048\/revisions\/27049"}],"wp:attachment":[{"href":"https:\/\/informadorweb.com\/index.php?rest_route=%2Fwp%2Fv2%2Fmedia&parent=27048"}],"wp:term":[{"taxonomy":"category","embeddable":true,"href":"https:\/\/informadorweb.com\/index.php?rest_route=%2Fwp%2Fv2%2Fcategories&post=27048"},{"taxonomy":"post_tag","embeddable":true,"href":"https:\/\/informadorweb.com\/index.php?rest_route=%2Fwp%2Fv2%2Ftags&post=27048"}],"curies":[{"name":"wp","href":"https:\/\/api.w.org\/{rel}","templated":true}]}}