{"id":27044,"date":"2026-03-17T14:11:36","date_gmt":"2026-03-17T20:11:36","guid":{"rendered":"https:\/\/informadorweb.com\/?p=27044"},"modified":"2026-03-17T20:11:38","modified_gmt":"2026-03-17T20:11:38","slug":"futbol-ancelotti-anuncia-convocados-para-ultimos-amistosos-de-brasil-antes-del-mundial","status":"publish","type":"post","link":"https:\/\/informadorweb.com\/?p=27044","title":{"rendered":"F\u00fatbol: Ancelotti anuncia convocados para \u00faltimos amistosos de Brasil antes del Mundial"},"content":{"rendered":"<p>R\u00cdO DE JANEIRO, 16 mar (Xinhua) &#8212; El seleccionador de Brasil, Carlo Ancelotti, divulg\u00f3 este lunes la lista de convocados para la fecha FIFA de marzo, en la que la Canarinha enfrentar\u00e1 a Francia y Croacia en sus \u00faltimos amistosos antes de la convocatoria final para el Mundial 2026, sin Neymar y con varias novedades. En la conferencia de prensa tras anunciar los 26 convocados, el t\u00e9cnico italiano, que asumi\u00f3 el banquillo de Brasil el a\u00f1o pasado, explic\u00f3 que la lista estuvo condicionada por el estado f\u00edsico de los futbolistas. \u00abEs una lista armada con jugadores que est\u00e1n al cien por ciento de su condici\u00f3n f\u00edsica. Tenemos lesionados importantes, como Milit\u00e3o, Bruno Guimar\u00e3es, Estev\u00e3o y Rodrygo, a quienes les deseamos una r\u00e1pida recuperaci\u00f3n. Vamos a jugar dos partidos importantes, de intensidad, en un plazo muy corto, con viaje incluido. Prefer\u00ed llevar a quienes est\u00e1n al cien por ciento\u00bb, se\u00f1al\u00f3. Entre los excluidos por lesi\u00f3n figuran los defensas \u00c9der Milit\u00e3o (Real Madrid) y Caio Henrique (M\u00f3naco), el lateral derecho Vanderson (M\u00f3naco), el centrocampista Bruno Guimar\u00e3es (Newcastle) y el delantero Estev\u00e3o (Chelsea). Tampoco est\u00e1n en la convocatoria el delantero Rodrygo (Real Madrid), otro de los favoritos de Ancelotti, quien fue sometido recientemente a una cirug\u00eda de rodilla y estar\u00e1 fuera de las canchas por aproximadamente diez meses, por lo que se perder\u00e1 el Mundial. Sobre la nueva ausencia de Neymar, quien fue el n\u00famero 10 de Brasil en los \u00faltimos tres Mundiales, y a\u00fan no fue convocado por \u00e9l, Ancelotti explic\u00f3 que fue \u00abuna evaluaci\u00f3n f\u00edsica, no t\u00e9cnica. Neymar es muy bueno con el bal\u00f3n, pero necesita mejorar f\u00edsicamente. Porque, tanto para el cuerpo t\u00e9cnico como para m\u00ed, no est\u00e1 al cien por ciento de su potencial\u00bb. \u00abTiene que trabajar para alcanzarlo. Esa es mi opini\u00f3n y la de todo el cuerpo t\u00e9cnico que sigue sus partidos y seguir\u00e1 haci\u00e9ndolo en los pr\u00f3ximos d\u00edas y meses\u00bb, a\u00f1adi\u00f3 Ancelotti, quien en esa lista incluy\u00f3 a nueve delanteros. A pesar del golpe que representa quedar fuera de esta convocatoria, Neymar asegur\u00f3 que todav\u00eda mantiene intacta su ilusi\u00f3n de regresar a la selecci\u00f3n brasile\u00f1a y formar parte del equipo en el Mundial 2026. \u00abVoy a hablar porque no puedo quedarme callado. Obviamente, estoy molesto y triste por no haber sido convocado, pero la concentraci\u00f3n sigue siendo la misma: d\u00eda tras d\u00eda\u00bb, afirm\u00f3 tras jugar un partido por la Kings League. Las novedades de la lista son las inclusiones de Leo Pereira (Flamengo), Gabriel Sara (Galatasaray), Igor Thiago (Brentford) y Rayan (Bournemouth). \u00abCuando llamamos a jugadores nuevos, queremos saber c\u00f3mo se incorporan a nuestro ambiente, el car\u00e1cter. Sabemos perfectamente c\u00f3mo est\u00e1n jugando, porque tenemos evaluaciones de cada jugador\u00bb, asegur\u00f3 el DT italiano. Adem\u00e1s, Endrick regresa al equipo, mientras que Iba\u00f1ez y Danilo vuelven a ser convocados de cara a la \u00faltima lista previa al Mundial. Brasil enfrentar\u00e1 a Francia el 26 de marzo en Boston y a Croacia el 31 en Orlando. Antes de la Copa del Mundo, la Canarinha jugar\u00e1 contra Panam\u00e1 el 31 de mayo en el Maracan\u00e1 y luego ante Egipto el 6 de junio en Cleveland, Estados Unidos. El seleccionado que dirige Carlo Ancelotti integrar\u00e1 el Grupo C del Mundial 2026, junto a Marruecos, Hait\u00ed y Escocia. Sus partidos se disputar\u00e1n en Nueva Jersey, Filadelfia y Miami, respectivamente. La \u00faltima lista de Brasil antes del Mundial: Arqueros: Alisson (Liverpool), Bento (Al-Nassr) y Ederson (Fenerbah\u00e7e). Defensores: Alex Sandro (Flamengo), Bremer (Juventus), Danilo (Flamengo), Douglas Santos (Zenit), Gabriel Magalh\u00e3es (Arsenal), Iba\u00f1ez (Al-Ahli), Leo Pereira (Flamengo), Marquinhos (PSG) y Wesley (Roma). Mediocampistas: Andrey Santos (Chelsea), Casemiro (Manchester United), Danilo (Botafogo), Fabinho (Al-Ittihad) y Gabriel Sara (Galatasaray). Delanteros: Endrick (Lyon), Gabriel Martinelli (Arsenal), Igor Thiago (Brentford), Jo\u00e3o Pedro (Chelsea), Luiz Henrique (Zenit), Matheus Cunha (Manchester United), Raphinha (Barcelona), Rayan (Bournemouth) y Vinicius Junior (Real Madrid). Fin<\/p>\n","protected":false},"excerpt":{"rendered":"<p>R\u00cdO DE JANEIRO, 16 mar (Xinhua) &#8212; El seleccionador de Brasil, Carlo Ancelotti, divulg\u00f3 este&#8230;<\/p>\n","protected":false},"author":1,"featured_media":0,"comment_status":"closed","ping_status":"closed","sticky":false,"template":"","format":"standard","meta":{"footnotes":""},"categories":[2],"tags":[],"class_list":["post-27044","post","type-post","status-publish","format-standard","hentry","category-internacional"],"_links":{"self":[{"href":"https:\/\/informadorweb.com\/index.php?rest_route=\/wp\/v2\/posts\/27044","targetHints":{"allow":["GET"]}}],"collection":[{"href":"https:\/\/informadorweb.com\/index.php?rest_route=\/wp\/v2\/posts"}],"about":[{"href":"https:\/\/informadorweb.com\/index.php?rest_route=\/wp\/v2\/types\/post"}],"author":[{"embeddable":true,"href":"https:\/\/informadorweb.com\/index.php?rest_route=\/wp\/v2\/users\/1"}],"replies":[{"embeddable":true,"href":"https:\/\/informadorweb.com\/index.php?rest_route=%2Fwp%2Fv2%2Fcomments&post=27044"}],"version-history":[{"count":1,"href":"https:\/\/informadorweb.com\/index.php?rest_route=\/wp\/v2\/posts\/27044\/revisions"}],"predecessor-version":[{"id":27045,"href":"https:\/\/informadorweb.com\/index.php?rest_route=\/wp\/v2\/posts\/27044\/revisions\/27045"}],"wp:attachment":[{"href":"https:\/\/informadorweb.com\/index.php?rest_route=%2Fwp%2Fv2%2Fmedia&parent=27044"}],"wp:term":[{"taxonomy":"category","embeddable":true,"href":"https:\/\/informadorweb.com\/index.php?rest_route=%2Fwp%2Fv2%2Fcategories&post=27044"},{"taxonomy":"post_tag","embeddable":true,"href":"https:\/\/informadorweb.com\/index.php?rest_route=%2Fwp%2Fv2%2Ftags&post=27044"}],"curies":[{"name":"wp","href":"https:\/\/api.w.org\/{rel}","templated":true}]}}