{"id":27034,"date":"2026-03-17T14:07:20","date_gmt":"2026-03-17T20:07:20","guid":{"rendered":"https:\/\/informadorweb.com\/?p=27034"},"modified":"2026-03-17T20:07:22","modified_gmt":"2026-03-17T20:07:22","slug":"entrevista-establecimiento-de-consultas-sobre-minerales-criticos-entre-chile-y-ee-uu-es-una-senal-geoeconomica-y-estrategica-afirma-experto","status":"publish","type":"post","link":"https:\/\/informadorweb.com\/?p=27034","title":{"rendered":"Entrevista: Establecimiento de consultas sobre minerales cr\u00edticos entre Chile y EE. UU. es una se\u00f1al geoecon\u00f3mica y estrat\u00e9gica, afirma experto"},"content":{"rendered":"<div class=\"el-scrollbar__wrap\">\n<div class=\"el-scrollbar__view\">\n<div class=\"news-content\" data-v-e79c3ee4=\"\">Por Crist\u00f3bal Ch\u00e1vez Bravo SANTIAGO, 16 mar (Xinhua) &#8212; La declaraci\u00f3n conjunta para el establecimiento de consultas sobre minerales cr\u00edticos y tierras raras que firmaron Chile y Estados Unidos la semana pasada en el pa\u00eds sudamericano puede leerse como un paso pol\u00edtico dentro de un reordenamiento geopol\u00edtico m\u00e1s amplio y una se\u00f1al geoecon\u00f3mica y estrat\u00e9gica, afirm\u00f3 el doctor en Ingenier\u00eda de Minas Manuel Reyes-Jara. \u00abAunque el texto firmado todav\u00eda sea preliminar, si puede leerse como un paso pol\u00edtico dentro de un reordenamiento geopol\u00edtico m\u00e1s amplio, y no solo como una conversaci\u00f3n t\u00e9cnica sobre miner\u00eda\u00bb, afirm\u00f3 en una entrevista con Xinhua el acad\u00e9mico de la Universidad Andr\u00e9s Bello de Chile. La semana pasada, Chile y Estados Unidos firmaron en Santiago, la capital chilena, una declaraci\u00f3n conjunta para establecer consultas sobre minerales cr\u00edticos y tierras raras, durante una reuni\u00f3n bilateral entre el presidente chileno, Jos\u00e9 Antonio Kast, quien asumi\u00f3 recientemente el cargo, y el vicesecretario de Estado estadounidense, Christopher Landau. Para Reyes-Jara, el acuerdo debe interpretarse por ahora m\u00e1s como una \u00abse\u00f1al geoecon\u00f3mica y estrat\u00e9gica\u00bb que como un tratado operativo con obligaciones concretas. \u00abLo firmado apunta a abrir consultas t\u00e9cnicas sobre cadenas de suministro, financiamiento, reciclaje y posibles proyectos conjuntos, y no todav\u00eda a imponer exclusividades o restricciones formales\u00bb, dijo el experto, y agreg\u00f3 que no existe a\u00fan un documento p\u00fablico del acuerdo ni se sabe cu\u00e1ndo podr\u00eda darse a conocer. No obstante, el acad\u00e9mico advirti\u00f3 que \u00abser\u00eda ingenuo entenderlo como si fuera un gesto inocuo o puramente t\u00e9cnico\u00bb. \u00abEstados Unidos viene impulsando una estrategia global para reorganizar cadenas de suministro de minerales cr\u00edticos hacia pa\u00edses pol\u00edticamente alineados, bajo la l\u00f3gica del &#8216;friend-shoring&#8217;. En ese marco, Chile aparece como pieza relevante por su cobre, litio y su estabilidad institucional\u00bb, asever\u00f3. Reyes-Jara coment\u00f3 que el presidente chileno, Jos\u00e9 Antonio Kast, \u00abha mostrado una proximidad visible con Washington desde antes de asumir\u00bb. \u00abKast asisti\u00f3 a la cumbre &#8216;Escudo de las Am\u00e9ricas&#8217; convocada en EE. UU., fue p\u00fablicamente respaldado por Donald Trump. Y diversos medios han interpretado la firma de este entendimiento como parte de un r\u00e1pido alineamiento con la Casa Blanca\u00bb, expres\u00f3. El acad\u00e9mico explic\u00f3 que los minerales cr\u00edticos son aquellos considerados esenciales para sectores estrat\u00e9gicos como la energ\u00eda, la electromovilidad, la electr\u00f3nica avanzada y la defensa, y cuyo suministro \u00abpuede enfrentar interrupciones o depender excesivamente de un n\u00famero reducido de pa\u00edses\u00bb. En tanto, precis\u00f3 que las tierras raras corresponden a un grupo de 17 elementos qu\u00edmicos utilizados en imanes permanentes, veh\u00edculos el\u00e9ctricos, turbinas e\u00f3licas, dispositivos electr\u00f3nicos y ciertas aplicaciones militares. \u00abEn el caso de Chile, la principal fortaleza se encuentra sobre todo en el cobre y el litio, m\u00e1s que en la producci\u00f3n de tierras raras a gran escala\u00bb, detall\u00f3. Reyes-Jara consider\u00f3 que esta declaraci\u00f3n tambi\u00e9n puede interpretarse como parte de una pol\u00edtica m\u00e1s amplia de Estados Unidos para asegurar el acceso a recursos estrat\u00e9gicos en un contexto marcado por la rivalidad con China y la inestabilidad internacional. \u00abWashington no est\u00e1 mirando a Chile solamente como un socio comercial, sino como una plataforma relevante dentro de la reorganizaci\u00f3n de cadenas de suministro sensibles\u00bb, asever\u00f3. Sin embargo, el experto subray\u00f3 que \u00abtodav\u00eda ser\u00eda exagerado decir que Chile ya entr\u00f3 formalmente a un bloque de seguridad encabezado por Washington, porque lo firmado no es un tratado militar ni un acuerdo de defensa. Pero s\u00ed ser\u00eda poco serio ignorar que este tipo de entendimientos puede actuar como se\u00f1al de alineamiento estrat\u00e9gico progresivo\u00bb. Reyes-Jara se\u00f1al\u00f3 que este acercamiento entre Washington y Santiago podr\u00eda resultar beneficioso para Chile si el pa\u00eds logra aprovechar ese inter\u00e9s para obtener financiamiento, transferencia tecnol\u00f3gica, desarrollo de capacidades de refinaci\u00f3n local, manufactura asociada y una mayor captura de valor en la cadena productiva. \u00abEse ser\u00eda el escenario favorable\u00bb, afirm\u00f3. Pero tambi\u00e9n podr\u00eda resultar perjudicial si, en la pr\u00e1ctica, Chile contin\u00faa funcionando principalmente como proveedor extractivo, mientras los eslabones m\u00e1s rentables, como el procesamiento, la tecnolog\u00eda, la manufactura, la propiedad intelectual y el control financiero, permanecen fuera del pa\u00eds, concluy\u00f3. Fin<\/div>\n<\/div>\n<\/div>\n<div class=\"el-scrollbar__bar is-horizontal\"><\/div>\n","protected":false},"excerpt":{"rendered":"<p>Por Crist\u00f3bal Ch\u00e1vez Bravo SANTIAGO, 16 mar (Xinhua) &#8212; La declaraci\u00f3n conjunta para el establecimiento&#8230;<\/p>\n","protected":false},"author":1,"featured_media":0,"comment_status":"closed","ping_status":"closed","sticky":false,"template":"","format":"standard","meta":{"footnotes":""},"categories":[2],"tags":[],"class_list":["post-27034","post","type-post","status-publish","format-standard","hentry","category-internacional"],"_links":{"self":[{"href":"https:\/\/informadorweb.com\/index.php?rest_route=\/wp\/v2\/posts\/27034","targetHints":{"allow":["GET"]}}],"collection":[{"href":"https:\/\/informadorweb.com\/index.php?rest_route=\/wp\/v2\/posts"}],"about":[{"href":"https:\/\/informadorweb.com\/index.php?rest_route=\/wp\/v2\/types\/post"}],"author":[{"embeddable":true,"href":"https:\/\/informadorweb.com\/index.php?rest_route=\/wp\/v2\/users\/1"}],"replies":[{"embeddable":true,"href":"https:\/\/informadorweb.com\/index.php?rest_route=%2Fwp%2Fv2%2Fcomments&post=27034"}],"version-history":[{"count":1,"href":"https:\/\/informadorweb.com\/index.php?rest_route=\/wp\/v2\/posts\/27034\/revisions"}],"predecessor-version":[{"id":27035,"href":"https:\/\/informadorweb.com\/index.php?rest_route=\/wp\/v2\/posts\/27034\/revisions\/27035"}],"wp:attachment":[{"href":"https:\/\/informadorweb.com\/index.php?rest_route=%2Fwp%2Fv2%2Fmedia&parent=27034"}],"wp:term":[{"taxonomy":"category","embeddable":true,"href":"https:\/\/informadorweb.com\/index.php?rest_route=%2Fwp%2Fv2%2Fcategories&post=27034"},{"taxonomy":"post_tag","embeddable":true,"href":"https:\/\/informadorweb.com\/index.php?rest_route=%2Fwp%2Fv2%2Ftags&post=27034"}],"curies":[{"name":"wp","href":"https:\/\/api.w.org\/{rel}","templated":true}]}}