{"id":27026,"date":"2026-03-17T14:04:50","date_gmt":"2026-03-17T20:04:50","guid":{"rendered":"https:\/\/informadorweb.com\/?p=27026"},"modified":"2026-03-17T20:04:52","modified_gmt":"2026-03-17T20:04:52","slug":"cubanos-en-el-exterior-podran-participar-o-ser-duenos-de-empresas-privadas-en-la-isla-dice-viceprimer-ministro","status":"publish","type":"post","link":"https:\/\/informadorweb.com\/?p=27026","title":{"rendered":"Cubanos en el exterior podr\u00e1n participar o ser due\u00f1os de empresas privadas en la isla, dice viceprimer ministro"},"content":{"rendered":"<p>LA HABANA, 16 mar (Xinhua) &#8212; El viceprimer ministro de Cuba, \u00d3scar P\u00e9rez-Oliva Fraga, anunci\u00f3 este lunes que los cubanos residentes en el exterior podr\u00e1n participar o ser due\u00f1os de empresas privadas en el pa\u00eds. \u00abCon estas medidas se abre un campo bastante amplio para que, por diferentes v\u00edas, los cubanos residentes en el exterior puedan tambi\u00e9n satisfacer su inter\u00e9s de participar m\u00e1s activamente en el desarrollo de Cuba\u00bb, asegur\u00f3 en televisi\u00f3n nacional el tambi\u00e9n titular de Comercio Exterior e Inversi\u00f3n Extranjera. Entre las nuevas facilidades aprobadas, los cubanos que residen en el exterior podr\u00e1n asociarse con empresas privadas en la naci\u00f3n caribe\u00f1a, en operaciones que pueden abarcar infraestructuras y grandes negocios. Tambi\u00e9n, podr\u00e1n participar en el sistema financiero-bancario cubano, con la posibilidad de abrir cuentas bancarias en divisas, y para ello, seg\u00fan explic\u00f3 P\u00e9rez-Oliva Fraga, el Gobierno facilitar\u00e1 todos los procesos asociados a su operatoria en el territorio nacional. \u00abLa magnitud de los negocios depender\u00e1 de la capacidad y de las posibilidades reales de acometerlo y los intereses de desarrollo del pa\u00eds\u00bb, dijo el funcionario y a\u00f1adi\u00f3 que no existe ninguna limitaci\u00f3n desde el punto de vista administrativo o legal que as\u00ed lo impida. A partir de ahora, los cubanos residentes en el exterior tambi\u00e9n podr\u00e1n invertir en la producci\u00f3n agr\u00edcola y se les conceder\u00e1n derechos de usufructo sobre la tierra para producir alimentos y desarrollar la actividad agropecuaria. Destac\u00f3 la creciente participaci\u00f3n de la comunidad cubana en el exterior en acciones de cooperaci\u00f3n para apoyar a la isla en medio de la crisis que atraviesa, recrudecida por el bloqueo econ\u00f3mico y financiero de Estados Unidos, particularmente en el \u00e1mbito energ\u00e9tico. Para canalizar esa ayuda, \u00abse abre la posibilidad de crear fondos para que tengan un mayor alcance y se dirijan a los destinos que m\u00e1s lo necesiten\u00bb, inform\u00f3 el viceprimer ministro cubano. En esta misma l\u00ednea, la comunidad cubana residente en el exterior podr\u00e1 participar en fondos de inversi\u00f3n para el desarrollo de proyectos que sean de inter\u00e9s nacional, refiri\u00f3 P\u00e9rez-Oliva Fraga. El viceprimer ministro dijo en su comparecencia que se han abierto \u00abtodos los canales que permite la legislaci\u00f3n\u00bb de la naci\u00f3n caribe\u00f1a para que los cubanos residentes en el exterior puedan insertarse de \u00abmanera plena\u00bb en el desarrollo econ\u00f3mico y social de la isla. Adem\u00e1s, asegur\u00f3 que las puertas de Cuba est\u00e1n abiertas al comercio libre con las empresas estadounidenses y agreg\u00f3 que la legislaci\u00f3n de EE. UU. es la que no permite esas actividades econ\u00f3micas. P\u00e9rez-Oliva Fraga reiter\u00f3 que el bloqueo impuesto por Washington a La Habana por m\u00e1s de 60 a\u00f1os es el principal obst\u00e1culo en la implementaci\u00f3n de las transformaciones que necesita el pa\u00eds en el \u00e1mbito econ\u00f3mico, incluyendo la participaci\u00f3n del capital extranjero de una forma m\u00e1s activa. \u00abEl bloqueo de Estados Unidos nos impide el acceso a capital, al mercado, al financiamiento y, en los \u00faltimos a\u00f1os, ha estado dirigido de manera expresa a privar a nuestro pa\u00eds de recursos energ\u00e9ticos\u00bb, denunci\u00f3 el funcionario cubano. En ese escenario, la estrategia cubana ante la actual crisis econ\u00f3mica apunta a sostener el funcionamiento del pa\u00eds y amortiguar los efectos de las agresiones externas sobre la vida diaria de la poblaci\u00f3n. Fin<\/p>\n","protected":false},"excerpt":{"rendered":"<p>LA HABANA, 16 mar (Xinhua) &#8212; El viceprimer ministro de Cuba, \u00d3scar P\u00e9rez-Oliva Fraga, anunci\u00f3&#8230;<\/p>\n","protected":false},"author":1,"featured_media":0,"comment_status":"closed","ping_status":"closed","sticky":false,"template":"","format":"standard","meta":{"footnotes":""},"categories":[2],"tags":[],"class_list":["post-27026","post","type-post","status-publish","format-standard","hentry","category-internacional"],"_links":{"self":[{"href":"https:\/\/informadorweb.com\/index.php?rest_route=\/wp\/v2\/posts\/27026","targetHints":{"allow":["GET"]}}],"collection":[{"href":"https:\/\/informadorweb.com\/index.php?rest_route=\/wp\/v2\/posts"}],"about":[{"href":"https:\/\/informadorweb.com\/index.php?rest_route=\/wp\/v2\/types\/post"}],"author":[{"embeddable":true,"href":"https:\/\/informadorweb.com\/index.php?rest_route=\/wp\/v2\/users\/1"}],"replies":[{"embeddable":true,"href":"https:\/\/informadorweb.com\/index.php?rest_route=%2Fwp%2Fv2%2Fcomments&post=27026"}],"version-history":[{"count":1,"href":"https:\/\/informadorweb.com\/index.php?rest_route=\/wp\/v2\/posts\/27026\/revisions"}],"predecessor-version":[{"id":27027,"href":"https:\/\/informadorweb.com\/index.php?rest_route=\/wp\/v2\/posts\/27026\/revisions\/27027"}],"wp:attachment":[{"href":"https:\/\/informadorweb.com\/index.php?rest_route=%2Fwp%2Fv2%2Fmedia&parent=27026"}],"wp:term":[{"taxonomy":"category","embeddable":true,"href":"https:\/\/informadorweb.com\/index.php?rest_route=%2Fwp%2Fv2%2Fcategories&post=27026"},{"taxonomy":"post_tag","embeddable":true,"href":"https:\/\/informadorweb.com\/index.php?rest_route=%2Fwp%2Fv2%2Ftags&post=27026"}],"curies":[{"name":"wp","href":"https:\/\/api.w.org\/{rel}","templated":true}]}}